{"id":13111,"date":"2020-05-30T21:51:05","date_gmt":"2020-05-31T02:51:05","guid":{"rendered":"http:\/\/www.zonaroja.com.mx\/?p=13111"},"modified":"2020-05-30T21:51:08","modified_gmt":"2020-05-31T02:51:08","slug":"sabado-de-covid-19-82-nuevos-contagios-y-siete-fallecimientos","status":"publish","type":"post","link":"https:\/\/zonaroja.com.mx\/?p=13111","title":{"rendered":"S\u00e1bado de Covid-19: 82 nuevos contagios y siete fallecimientos"},"content":{"rendered":"\n<p>Redacci\u00f3n\/Zona\nRoja.<\/p>\n\n\n\n<p>Oaxaca de\nJu\u00e1rez, Oax. 30 de mayo de 2020.- En las \u00faltimas 24 horas, Oaxaca registr\u00f3 82\nnuevos casos de contagiados por Covid-19, as\u00ed como siete fallecimientos.<\/p>\n\n\n\n<p>De\nacuerdo con la dependencia Servicios de Salud de Oaxaca, el 74 por ciento de\nlos casos activos de este coronavirus corresponden a la regi\u00f3n de Valles\nCentrales, de un total de 326 pacientes que actualmente mantienen esta\nenfermedad v\u00edrica.<\/p>\n\n\n\n<p>Indic\u00f3\nque al corte epidemiol\u00f3gico de este s\u00e1bado 30 de mayo, se han identificado 65\nmunicipios con pacientes que dieron positivo en los \u00faltimos 14 d\u00edas.<\/p>\n\n\n\n<p>Detall\u00f3\nque esta lista la encabeza Oaxaca de Ju\u00e1rez con 94 casos, seguido de Santa Cruz\nXoxocotl\u00e1n con 33 pacientes, San Juan Bautista Tuxtepec con 20 registros, as\u00ed\ncomo Santa Lucia del Camino y Santa Mar\u00eda Atzompa, ambos con 18 notificaciones.<\/p>\n\n\n\n<p>Se\u00f1al\u00f3 que en las \u00faltimas 24 horas se detectaron 82 contagios nuevos, por lo que se tiene un acumulado de mil 333 positivos desde que inici\u00f3 la pandemia en la entidad; de esta cifra, este s\u00e1bado se dieron de alta m\u00e9dica a 60 pacientes, lo que da un total de 857 personas que se han recuperado.<\/p>\n\n\n\n<figure class=\"wp-block-image\"><img decoding=\"async\" width=\"1024\" height=\"569\" src=\"http:\/\/www.zonaroja.com.mx\/wp-content\/uploads\/2020\/05\/SSO-2-4-1-1024x569.jpeg\" alt=\"\" class=\"wp-image-13113\" srcset=\"https:\/\/zonaroja.com.mx\/wp-content\/uploads\/2020\/05\/SSO-2-4-1-1024x569.jpeg 1024w, https:\/\/zonaroja.com.mx\/wp-content\/uploads\/2020\/05\/SSO-2-4-1-300x167.jpeg 300w, https:\/\/zonaroja.com.mx\/wp-content\/uploads\/2020\/05\/SSO-2-4-1-768x427.jpeg 768w, https:\/\/zonaroja.com.mx\/wp-content\/uploads\/2020\/05\/SSO-2-4-1-1170x650.jpeg 1170w, https:\/\/zonaroja.com.mx\/wp-content\/uploads\/2020\/05\/SSO-2-4-1-585x325.jpeg 585w, https:\/\/zonaroja.com.mx\/wp-content\/uploads\/2020\/05\/SSO-2-4-1.jpeg 1280w\" sizes=\"(max-width: 1024px) 100vw, 1024px\" \/><\/figure>\n\n\n\n<p>Destac\u00f3\nque San Mateo Yoloxochitl\u00e1n, Ayoquezco de Aldama, Nejapa de Madero y San Pedro\nQuiatoni, ayuntamientos que no hab\u00edan tenido contagios, en el reporte de hoy se\nagregaron a las estad\u00edsticas con pacientes positivos, todos con un caso.<\/p>\n\n\n\n<p>Respecto\na las defunciones, lament\u00f3 que se tenga el registro de 150 decesos, siete m\u00e1s\nque ayer; \u00e9stas \u00faltimas registradas en Oaxaca de Ju\u00e1rez con tres, San Juan\nBautista Tuxtepec con dos, en Miahuatl\u00e1n de Porfirio D\u00edaz se registr\u00f3 un\ndeceso, lo mismo que en Santa Mar\u00eda del Tule.<\/p>\n\n\n\n<p>Hizo\nhincapi\u00e9 que de acuerdo al estado de salud de las y los pacientes que han dado\npositivo al nuevo coronavirus, el 27% han requerido hospitalizaci\u00f3n y el 73%\nhan cursado la enfermedad en sus domicilios, al presentar s\u00edntomas sin\ngravedad.<\/p>\n\n\n\n<p>Puntualiz\u00f3\nque a la fecha se tiene el reporte de 276 trabajadores de Salud que han\nenfermado a causa del COVID-19, 117 son del sexo masculino y 159 del femenino.<\/p>\n\n\n\n<p>Agreg\u00f3\nque hasta el momento se tienen 596 casos sospechosos en espera de resultados\npor laboratorio, as\u00ed como mil 470 pruebas que resultaron negativas.<\/p>\n\n\n\n<p>Asever\u00f3\nque los pacientes con padecimientos cr\u00f3nicos son los grupos de la poblaci\u00f3n m\u00e1s\nafectados, ya que de acuerdo con las estad\u00edsticas de las personas que han\nperdido la vida a causa del coronavirus, el 44 % presentaba diabetes mellitus y\nel 37.3% hipertensi\u00f3n arterial.<\/p>\n","protected":false},"excerpt":{"rendered":"<p>Redacci\u00f3n\/Zona Roja. Oaxaca de Ju\u00e1rez, Oax. 30 de mayo de 2020.- En las \u00faltimas 24&hellip;<\/p>\n","protected":false},"author":2,"featured_media":13112,"comment_status":"closed","ping_status":"open","sticky":false,"template":"","format":"standard","meta":{"_lmt_disableupdate":"","_lmt_disable":"","_jetpack_memberships_contains_paid_content":false,"footnotes":""},"categories":[109,47],"tags":[1512],"class_list":["post-13111","post","type-post","status-publish","format-standard","has-post-thumbnail","hentry","category-minuto-a-minuto","category-zona-gris","tag-coronavirus-oaxaca"],"jetpack_featured_media_url":"https:\/\/zonaroja.com.mx\/wp-content\/uploads\/2020\/05\/SSO-1-3-1.jpeg","jetpack_sharing_enabled":true,"_links":{"self":[{"href":"https:\/\/zonaroja.com.mx\/index.php?rest_route=\/wp\/v2\/posts\/13111","targetHints":{"allow":["GET"]}}],"collection":[{"href":"https:\/\/zonaroja.com.mx\/index.php?rest_route=\/wp\/v2\/posts"}],"about":[{"href":"https:\/\/zonaroja.com.mx\/index.php?rest_route=\/wp\/v2\/types\/post"}],"author":[{"embeddable":true,"href":"https:\/\/zonaroja.com.mx\/index.php?rest_route=\/wp\/v2\/users\/2"}],"replies":[{"embeddable":true,"href":"https:\/\/zonaroja.com.mx\/index.php?rest_route=%2Fwp%2Fv2%2Fcomments&post=13111"}],"version-history":[{"count":1,"href":"https:\/\/zonaroja.com.mx\/index.php?rest_route=\/wp\/v2\/posts\/13111\/revisions"}],"predecessor-version":[{"id":13114,"href":"https:\/\/zonaroja.com.mx\/index.php?rest_route=\/wp\/v2\/posts\/13111\/revisions\/13114"}],"wp:featuredmedia":[{"embeddable":true,"href":"https:\/\/zonaroja.com.mx\/index.php?rest_route=\/wp\/v2\/media\/13112"}],"wp:attachment":[{"href":"https:\/\/zonaroja.com.mx\/index.php?rest_route=%2Fwp%2Fv2%2Fmedia&parent=13111"}],"wp:term":[{"taxonomy":"category","embeddable":true,"href":"https:\/\/zonaroja.com.mx\/index.php?rest_route=%2Fwp%2Fv2%2Fcategories&post=13111"},{"taxonomy":"post_tag","embeddable":true,"href":"https:\/\/zonaroja.com.mx\/index.php?rest_route=%2Fwp%2Fv2%2Ftags&post=13111"}],"curies":[{"name":"wp","href":"https:\/\/api.w.org\/{rel}","templated":true}]}}