{"id":13115,"date":"2020-05-30T22:26:56","date_gmt":"2020-05-31T03:26:56","guid":{"rendered":"http:\/\/www.zonaroja.com.mx\/?p=13115"},"modified":"2020-05-30T22:27:00","modified_gmt":"2020-05-31T03:27:00","slug":"registra-el-istmo-de-oaxaca-dos-asesinados-este-sabado","status":"publish","type":"post","link":"https:\/\/zonaroja.com.mx\/?p=13115","title":{"rendered":"Registra el Istmo de Oaxaca dos asesinados este s\u00e1bado"},"content":{"rendered":"\n<p>Redacci\u00f3n\/Zona\nRoja.<\/p>\n\n\n\n<p>Oaxaca de\nJu\u00e1rez, Oax., 30 de mayo de 2020.- Un comerciante vendedor de carne y un\ncentroamericano perdieron la vida este s\u00e1bado a causa de disparos de armas de\nfuego, en la regi\u00f3n del Istmo de Tehuantepec.<\/p>\n\n\n\n<p>El primer\nhecho ocurri\u00f3 en la comunidad Rinc\u00f3n Viejo del municipio de Santa Mar\u00eda Petapa,\ndonde fue ultimado el carnicero identificado como Juan Carlos Salgado Leal.<\/p>\n\n\n\n<p>El hombre\nfue atacado a balazos en la calle mientras transitaba a bordo de su\nmotocicleta; ten\u00eda su local de expendio de carne en el mercado \u201c12 de Noviembre\u201d\nde Mat\u00edas Romero; hasta ahora no hay detenidos por el caso.<\/p>\n\n\n\n<p>Por otra\nparte, la madrugada fue baleado un centroamericano en el exterior del mercado 2\nde Noviembre de Juchit\u00e1n de Zaragoza.<\/p>\n\n\n\n<p>La\nv\u00edctima result\u00f3 ser Byron Junes Perdomo, originario de Honduras, quien fue\ntrasladado a un hospital pero durante la tarde de este s\u00e1bado perdi\u00f3 la vida;\ntampoco hay pistas del o los probables agresores.<\/p>\n","protected":false},"excerpt":{"rendered":"<p>Redacci\u00f3n\/Zona Roja. Oaxaca de Ju\u00e1rez, Oax., 30 de mayo de 2020.- Un comerciante vendedor de&hellip;<\/p>\n","protected":false},"author":2,"featured_media":13116,"comment_status":"closed","ping_status":"open","sticky":false,"template":"","format":"standard","meta":{"_lmt_disableupdate":"","_lmt_disable":"","_jetpack_memberships_contains_paid_content":false,"footnotes":""},"categories":[109,51],"tags":[211],"class_list":["post-13115","post","type-post","status-publish","format-standard","has-post-thumbnail","hentry","category-minuto-a-minuto","category-zona-roja","tag-santa-maria-petapa"],"jetpack_featured_media_url":"https:\/\/zonaroja.com.mx\/wp-content\/uploads\/2020\/05\/Asesinado-Petapa.jpg","jetpack_sharing_enabled":true,"_links":{"self":[{"href":"https:\/\/zonaroja.com.mx\/index.php?rest_route=\/wp\/v2\/posts\/13115","targetHints":{"allow":["GET"]}}],"collection":[{"href":"https:\/\/zonaroja.com.mx\/index.php?rest_route=\/wp\/v2\/posts"}],"about":[{"href":"https:\/\/zonaroja.com.mx\/index.php?rest_route=\/wp\/v2\/types\/post"}],"author":[{"embeddable":true,"href":"https:\/\/zonaroja.com.mx\/index.php?rest_route=\/wp\/v2\/users\/2"}],"replies":[{"embeddable":true,"href":"https:\/\/zonaroja.com.mx\/index.php?rest_route=%2Fwp%2Fv2%2Fcomments&post=13115"}],"version-history":[{"count":1,"href":"https:\/\/zonaroja.com.mx\/index.php?rest_route=\/wp\/v2\/posts\/13115\/revisions"}],"predecessor-version":[{"id":13117,"href":"https:\/\/zonaroja.com.mx\/index.php?rest_route=\/wp\/v2\/posts\/13115\/revisions\/13117"}],"wp:featuredmedia":[{"embeddable":true,"href":"https:\/\/zonaroja.com.mx\/index.php?rest_route=\/wp\/v2\/media\/13116"}],"wp:attachment":[{"href":"https:\/\/zonaroja.com.mx\/index.php?rest_route=%2Fwp%2Fv2%2Fmedia&parent=13115"}],"wp:term":[{"taxonomy":"category","embeddable":true,"href":"https:\/\/zonaroja.com.mx\/index.php?rest_route=%2Fwp%2Fv2%2Fcategories&post=13115"},{"taxonomy":"post_tag","embeddable":true,"href":"https:\/\/zonaroja.com.mx\/index.php?rest_route=%2Fwp%2Fv2%2Ftags&post=13115"}],"curies":[{"name":"wp","href":"https:\/\/api.w.org\/{rel}","templated":true}]}}