{"id":13118,"date":"2020-05-31T07:55:10","date_gmt":"2020-05-31T12:55:10","guid":{"rendered":"http:\/\/www.zonaroja.com.mx\/?p=13118"},"modified":"2020-05-31T07:55:13","modified_gmt":"2020-05-31T12:55:13","slug":"casa-de-la-cultura-oaxaquena-inicia-manana-talleres-virtuales","status":"publish","type":"post","link":"https:\/\/zonaroja.com.mx\/?p=13118","title":{"rendered":"Casa de la Cultura Oaxaque\u00f1a inicia ma\u00f1ana talleres virtuales"},"content":{"rendered":"\n<p>Redacci\u00f3n\/Zona\nRoja. <\/p>\n\n\n\n<p>Oaxaca de\nJu\u00e1rez, Oax., 31de mayo de 2020.- La Casa de la Cultura Oaxaque\u00f1a (CCO)\niniciar\u00e1 actividades en l\u00ednea a trav\u00e9s de una plataforma a la que tendr\u00e1n\nacceso alumnas y alumnos reinscritos en el bimestre marzo-abril del a\u00f1o en\ncurso.<\/p>\n\n\n\n<p>Lo\nanterior derivado de la contingencia sanitaria ocasionada por el Covid-19,\ninform\u00f3 el organismo, dependiente de la Secretar\u00eda de las Culturas y Artes de\nOaxaca (Seculta).<\/p>\n\n\n\n<p>En un\ncomunicado, indic\u00f3 que este es un ejercicio in\u00e9dito para la instituci\u00f3n y\nsentar\u00e1 un precedente que permitir\u00e1 garantizar la continuidad de cada uno de\nlos talleres de la CCO.<\/p>\n\n\n\n<p>El\ndirector general de la Casa de la Cultura Oaxaque\u00f1a, Jes\u00fas Emilio de Leo Blanco\nprecis\u00f3 que, para garantizar una buena atenci\u00f3n, se establecieron etapas de\ninicio para los talleres que por sus condiciones pueden impartirse por esta v\u00eda<\/p>\n\n\n\n<p>Tambi\u00e9n\ninform\u00f3 que los talleres a impartir en cada \u00e1rea, as\u00ed como el c\u00f3digo para el\nacceso a las clases virtuales, se har\u00e1 llegar directamente a las alumnas y\nalumnos reinscritos a trav\u00e9s de los n\u00fameros telef\u00f3nicos que registraron en su\nproceso de reinscripci\u00f3n.<\/p>\n\n\n\n<p>Destac\u00f3\nque quienes no cuenten con la posibilidad de ingresar a los talleres en l\u00ednea o\nno est\u00e9n interesados en esta alternativa, podr\u00e1n darse de baja. <\/p>\n\n\n\n<p>Para\nhacerlo, deber\u00e1n solicitar la informaci\u00f3n correspondiente respecto a la\ndevoluci\u00f3n de su cuota de inscripci\u00f3n en el correo institucional\nfomentoartcco20@gmail.com indicando el nombre completo del alumno o alumna y el\nde su responsable (en caso de que sea menor de edad), clave del taller y la\nsolicitud de baja formal.<\/p>\n\n\n\n<p>Cabe\ndestacar que el periodo para darse de baja ser\u00e1 del 1 al 19 de junio del\npresente a\u00f1o, sin pr\u00f3rroga y s\u00f3lo podr\u00e1 hacerse a trav\u00e9s del correo electr\u00f3nico\nantes mencionado, ya que la instituci\u00f3n no est\u00e1 brindando atenci\u00f3n al p\u00fablico\nde manera presencial para no poner en riesgo a ninguna persona a causa de la\ncontingencia sanitaria.<\/p>\n\n\n\n<p>La\nprimera etapa de los cursos iniciar\u00e1 este lunes 1 de junio con el \u00e1rea de artes\npl\u00e1sticas, como son pintura infantil, dibujo y pintura, dibujo y caricatura,\nmodelado, dibujo de retrato.<\/p>\n\n\n\n<p>La segunda,\nel 6 de junio con cultura infantil; la tercera el 8 de junio con danza (ballet,\ndanza contempor\u00e1nea, danza y desarrollo de habilidades esc\u00e9nicas, danza\nnacional y regional, bailes de sal\u00f3n.<\/p>\n\n\n\n<p>La cuarta\nel 15 de junio con teatro infantil y juvenil; m\u00fasica, como guitarra, bajo\nel\u00e9ctrico, violoncelo, viol\u00edn, viola, \u00f3rgano electr\u00f3nico, t\u00e9cnicas de canto; y\najedrez.<\/p>\n\n\n\n<p>EXPOSICI\u00d3N\nVIRTUAL<\/p>\n\n\n\n<p>Por otra\nparte, la Casa de la Cultura Oaxaque\u00f1a invita a visitar la exposici\u00f3n pict\u00f3rica\nvirtual denominada \u201cCuadernos de Dibujo\u201d, de la artista Siegrid Wiese.<\/p>\n\n\n\n<p>Las 25\npiezas que forman esta muestra son una recopilaci\u00f3n del trabajo que Siegrid ha\ndesarrollado en las sesiones de Dibujo con Modelo, proyecto que ha trabajado a\nlo largo de m\u00e1s de 10 a\u00f1os y que se realizaba en sesi\u00f3n semanal en la Casa de\nla Cultura Oaxaque\u00f1a.<\/p>\n\n\n\n<p>El director\nde la instituci\u00f3n, Emilio de Leo Blanco, agradeci\u00f3 la contribuci\u00f3n de las y los\nartistas como Siegrid Wiese y coment\u00f3 que con el uso de las tecnolog\u00edas el arte\nviaja hasta donde uno necesita que lo haga para mostrar el patrimonio que se\ntiene y permitiendo que los ciudadanos interact\u00faen con cada obra.<\/p>\n\n\n\n<p>Estos\n\u201cCuadernos de Dibujo\u201d fueron recreados con plumones, acuarela, tinta china,\ngrafito, bol\u00edgrafo y pigmentos. Ser\u00e1n exhibidos de manera virtual a partir del\njueves 28 de mayo 2020 a las 19:00 horas en el portal de la Casa de la Cultura\nOaxaque\u00f1a, al que se puede acceder desde la direcci\u00f3n www.oaxaca.gob.mx\/cco y\nestar\u00e1 vigente hasta el 17 de junio de este a\u00f1o.<\/p>\n","protected":false},"excerpt":{"rendered":"<p>Redacci\u00f3n\/Zona Roja. Oaxaca de Ju\u00e1rez, Oax., 31de mayo de 2020.- La Casa de la Cultura&hellip;<\/p>\n","protected":false},"author":2,"featured_media":13119,"comment_status":"closed","ping_status":"open","sticky":false,"template":"","format":"standard","meta":{"_lmt_disableupdate":"","_lmt_disable":"","_jetpack_memberships_contains_paid_content":false,"footnotes":""},"categories":[109,46],"tags":[541],"class_list":["post-13118","post","type-post","status-publish","format-standard","has-post-thumbnail","hentry","category-minuto-a-minuto","category-zona-blanca","tag-casa-de-la-cultura-oaxaquena"],"jetpack_featured_media_url":"https:\/\/zonaroja.com.mx\/wp-content\/uploads\/2020\/05\/Casa-de-la-Cultura-Oaxaque\u00f1a.jpg","jetpack_sharing_enabled":true,"_links":{"self":[{"href":"https:\/\/zonaroja.com.mx\/index.php?rest_route=\/wp\/v2\/posts\/13118","targetHints":{"allow":["GET"]}}],"collection":[{"href":"https:\/\/zonaroja.com.mx\/index.php?rest_route=\/wp\/v2\/posts"}],"about":[{"href":"https:\/\/zonaroja.com.mx\/index.php?rest_route=\/wp\/v2\/types\/post"}],"author":[{"embeddable":true,"href":"https:\/\/zonaroja.com.mx\/index.php?rest_route=\/wp\/v2\/users\/2"}],"replies":[{"embeddable":true,"href":"https:\/\/zonaroja.com.mx\/index.php?rest_route=%2Fwp%2Fv2%2Fcomments&post=13118"}],"version-history":[{"count":1,"href":"https:\/\/zonaroja.com.mx\/index.php?rest_route=\/wp\/v2\/posts\/13118\/revisions"}],"predecessor-version":[{"id":13120,"href":"https:\/\/zonaroja.com.mx\/index.php?rest_route=\/wp\/v2\/posts\/13118\/revisions\/13120"}],"wp:featuredmedia":[{"embeddable":true,"href":"https:\/\/zonaroja.com.mx\/index.php?rest_route=\/wp\/v2\/media\/13119"}],"wp:attachment":[{"href":"https:\/\/zonaroja.com.mx\/index.php?rest_route=%2Fwp%2Fv2%2Fmedia&parent=13118"}],"wp:term":[{"taxonomy":"category","embeddable":true,"href":"https:\/\/zonaroja.com.mx\/index.php?rest_route=%2Fwp%2Fv2%2Fcategories&post=13118"},{"taxonomy":"post_tag","embeddable":true,"href":"https:\/\/zonaroja.com.mx\/index.php?rest_route=%2Fwp%2Fv2%2Ftags&post=13118"}],"curies":[{"name":"wp","href":"https:\/\/api.w.org\/{rel}","templated":true}]}}