{"id":13121,"date":"2020-05-31T08:17:26","date_gmt":"2020-05-31T13:17:26","guid":{"rendered":"http:\/\/www.zonaroja.com.mx\/?p=13121"},"modified":"2020-05-31T09:04:29","modified_gmt":"2020-05-31T14:04:29","slug":"detiene-policia-estatal-a-grupo-armado-en-la-cuenca-traian-r-15-y-tres-pistolas","status":"publish","type":"post","link":"https:\/\/zonaroja.com.mx\/?p=13121","title":{"rendered":"Detiene Polic\u00eda Estatal a grupo armado en la Cuenca; tra\u00edan R-15 y tres pistolas"},"content":{"rendered":"\n<p>Redacci\u00f3n\/Zona\nRoja.<\/p>\n\n\n\n<p>Oaxaca de\nJu\u00e1rez, Oax., 31 de mayo de 2020.- Tres personas originarias de San Pedro\nIxcatl\u00e1n, fueron detenidas ayer con cuatro armas de fuego, entre ellas un rifle\nAR-15, as\u00ed como municiones y un equipo de radio comunicaci\u00f3n.<\/p>\n\n\n\n<p>De\nacuerdo con informes policiacos, ayer por la tarde durante un recorrido de\nvigilancia de elementos de la Polic\u00eda Estatal por el camino a Cerro Quemado,\nJalapa de D\u00edaz, fueron revisados ocupantes de una camioneta de color gris\nplacas de circulaci\u00f3n RX80669 de Oaxaca.<\/p>\n\n\n\n<p>Se\nidentificaron como Fidel H. B., de 18 a\u00f1os de edad; Sim\u00f3n F. A., de 36 a\u00f1os, y Cornelio\nA. M., de 34 a\u00f1os.<\/p>\n\n\n\n<p>Tras la revisi\u00f3n, se les aseguraron tres armas cortas y una larga, AR-15, calibre 2.23; cuatro cargadores de AR-15 con 108 cartuchos \u00fatiles; tres cargadores para 9mm. con 47 cartuchos \u00fatiles, un radio de comunicaci\u00f3n marca Kenwood y un portacargador para AR-15.<\/p>\n\n\n\n<p>Al ser\ninterrogado, uno de los detenidos dijo trabajar en el rancho de un diputado\noriginario de la Cuenca del Papaloapan; otro dijo ser hijo del ex edil de\nIxcatl\u00e1n, Fidel Hern\u00e1ndez Figueroa y uno m\u00e1s su sobrino.<\/p>\n","protected":false},"excerpt":{"rendered":"<p>Redacci\u00f3n\/Zona Roja. Oaxaca de Ju\u00e1rez, Oax., 31 de mayo de 2020.- Tres personas originarias de&hellip;<\/p>\n","protected":false},"author":2,"featured_media":13122,"comment_status":"closed","ping_status":"open","sticky":false,"template":"","format":"standard","meta":{"_lmt_disableupdate":"","_lmt_disable":"","_jetpack_memberships_contains_paid_content":false,"footnotes":""},"categories":[109,51],"tags":[1043],"class_list":["post-13121","post","type-post","status-publish","format-standard","has-post-thumbnail","hentry","category-minuto-a-minuto","category-zona-roja","tag-san-pedro-ixcatlan"],"jetpack_featured_media_url":"https:\/\/zonaroja.com.mx\/wp-content\/uploads\/2020\/05\/Grupo-armado-Cuenca.jpg","jetpack_sharing_enabled":true,"_links":{"self":[{"href":"https:\/\/zonaroja.com.mx\/index.php?rest_route=\/wp\/v2\/posts\/13121","targetHints":{"allow":["GET"]}}],"collection":[{"href":"https:\/\/zonaroja.com.mx\/index.php?rest_route=\/wp\/v2\/posts"}],"about":[{"href":"https:\/\/zonaroja.com.mx\/index.php?rest_route=\/wp\/v2\/types\/post"}],"author":[{"embeddable":true,"href":"https:\/\/zonaroja.com.mx\/index.php?rest_route=\/wp\/v2\/users\/2"}],"replies":[{"embeddable":true,"href":"https:\/\/zonaroja.com.mx\/index.php?rest_route=%2Fwp%2Fv2%2Fcomments&post=13121"}],"version-history":[{"count":2,"href":"https:\/\/zonaroja.com.mx\/index.php?rest_route=\/wp\/v2\/posts\/13121\/revisions"}],"predecessor-version":[{"id":13124,"href":"https:\/\/zonaroja.com.mx\/index.php?rest_route=\/wp\/v2\/posts\/13121\/revisions\/13124"}],"wp:featuredmedia":[{"embeddable":true,"href":"https:\/\/zonaroja.com.mx\/index.php?rest_route=\/wp\/v2\/media\/13122"}],"wp:attachment":[{"href":"https:\/\/zonaroja.com.mx\/index.php?rest_route=%2Fwp%2Fv2%2Fmedia&parent=13121"}],"wp:term":[{"taxonomy":"category","embeddable":true,"href":"https:\/\/zonaroja.com.mx\/index.php?rest_route=%2Fwp%2Fv2%2Fcategories&post=13121"},{"taxonomy":"post_tag","embeddable":true,"href":"https:\/\/zonaroja.com.mx\/index.php?rest_route=%2Fwp%2Fv2%2Ftags&post=13121"}],"curies":[{"name":"wp","href":"https:\/\/api.w.org\/{rel}","templated":true}]}}