{"id":13125,"date":"2020-05-31T11:10:05","date_gmt":"2020-05-31T16:10:05","guid":{"rendered":"http:\/\/www.zonaroja.com.mx\/?p=13125"},"modified":"2020-05-31T11:10:14","modified_gmt":"2020-05-31T16:10:14","slug":"engano-gobierno-con-inversion-de-100-mdp-a-mercado-de-abasto-ya-estaba-presupuestado","status":"publish","type":"post","link":"https:\/\/zonaroja.com.mx\/?p=13125","title":{"rendered":"Enga\u00f1\u00f3 gobierno con inversi\u00f3n de 100 mdp a Mercado de Abasto; ya estaba presupuestado"},"content":{"rendered":"\n<p>Yuridiana Sosa\/Zona Roja. Foto: Cortes\u00eda<\/p>\n\n\n\n<p>Oaxaca de\nJu\u00e1rez, Oax., 31 de mayo de 2020.- Con un fondo aprobado desde hace ocho meses por\nla 64 Legislatura de Oaxaca, el gobernador Alejandro Murat Hinojosa enga\u00f1\u00f3 a\nlocatarios con el anuncio de una nueva inversi\u00f3n de 100 millones de pesos para el\nMercado de Abasto, afectado por el incendio del mi\u00e9rcoles pasado.<\/p>\n\n\n\n<p>El jueves\npasado, al acudir cinco minutos en la periferia de la zona de desastre en la\ncapital, el mandatario presumi\u00f3 del Proyecto Integral de Rehabilitaci\u00f3n de la\nCentral de Abasto por 100 millones de pesos, en el cual se contemplan trabajos\nde restituci\u00f3n del sistema el\u00e9ctrico, drenaje y agua potable, como primera\netapa.<\/p>\n\n\n\n<p>Sin\nembargo, en el dictamen aprobado por el Congreso del Estado en octubre de 2019,\ncon un monto total de tres mil 500 millones de pesos para distintas obras de\nimpacto para el desarrollo de Oaxaca, ya se contemplaba el trabajo de mejoras\npara el mercado y con un monto superior al anunciado.<\/p>\n\n\n\n<p>En el\napartado \u201cRubro: Proyectos Estrat\u00e9gicos\u201d, el documento se\u00f1ala la obra\n\u201cRehabilitaci\u00f3n de la zona de mercado de la Central de Abastos de la Ciudad de\nOaxaca Oaxaca de Ju\u00e1rez\u201d, con una inversi\u00f3n aprobada por 137 millones 890 mil\n164.48 pesos.<\/p>\n\n\n\n<p>Tras el incendio, los propios locatarios afectados exigieron al gobernador que el dinero etiquetado para el mercado se dirigiera de forma especial a la zona siniestrada por el fuego, con un total oficial de 145 establecimientos con da\u00f1os totales y parciales.<\/p>\n\n\n\n<figure class=\"wp-block-embed-twitter wp-block-embed is-type-rich is-provider-twitter\"><div class=\"wp-block-embed__wrapper\">\n<div class=\"twitter-tweet\"><blockquote class=\"twitter-tweet\" data-lang=\"es\"><p lang=\"es\" dir=\"ltr\">Hace unos momentos, junto con el presidente municipal de Oaxaca de Ju\u00e1rez, <a href=\"https:\/\/twitter.com\/oswaldogarciaj?ref_src=twsrc%5Etfw\">@oswaldogarciaj<\/a>, reiter\u00e9 a las y los locatarios que no est\u00e1n solos; adem\u00e1s, anunci\u00e9 una inversi\u00f3n inicial de 100 MDP para la reconstrucci\u00f3n y rehabilitaci\u00f3n de la Central de Abasto. <a href=\"https:\/\/t.co\/wJutplW3yu\">pic.twitter.com\/wJutplW3yu<\/a><\/p>&mdash; Alejandro Murat (@alejandromurat) <a href=\"https:\/\/twitter.com\/alejandromurat\/status\/1266085359697358848?ref_src=twsrc%5Etfw\">28 de mayo de 2020<\/a><\/blockquote><\/div>\n<\/div><\/figure>\n\n\n\n<p>M\u00c1S\nSIMULACI\u00d3N<\/p>\n\n\n\n<p>Murat\nHinojosa ha anunciado tambi\u00e9n en distintas ocasiones que cuenta con recursos\nsuficientes para reactivar la econom\u00eda, hasta por tres mil 500 millones de pesos\nde empr\u00e9stito, pero es dinero que con anterioridad ya hab\u00eda sido autorizado por\nel Congreso del Estado y no para atender espec\u00edficamente la contingencia\necon\u00f3mica causada por el Covid-19.<\/p>\n\n\n\n<p>El dinero\nautorizado est\u00e1 destinado inicialmente para 118 Proyectos de Inversi\u00f3n entre caminos\ny puentes; electrificaciones y alumbrados; espacios p\u00fablicos; mercados; plantas\nde tratamiento de agua residuales, agua y saneamiento; proyectos estrat\u00e9gicos;\ntecnolog\u00edas; proyecto de desarrollo Intraurbano del Oriente de la Zona\nMetropolitana del Estado de Oaxaca y m\u00f3dulos para el desarrollo de\ninfraestructura social.<\/p>\n\n\n\n<p>Sobre\ndichos proyectos detallados en la petici\u00f3n del recurso, como de los que\nsupuestamente se implementaran como plan frente al Covid-19, el Gobierno del Estado\nno ha vuelto a dar detalle, ni siquiera sobre los cr\u00e9ditos o apoyos al sector\ncomercial. <\/p>\n\n\n\n<p>Por esa\nraz\u00f3n, el pasado mi\u00e9rcoles el diputado por el Partido del Trabajo, C\u00e9sar\nMorales Ni\u00f1o, exigi\u00f3 en tribuna transparencia en la aplicaci\u00f3n de los recursos,\nas\u00ed como la contrataci\u00f3n de empresas oaxaque\u00f1as en la ejecuci\u00f3n de los\ntrabajos, y no for\u00e1neas, principalmente provenientes del Estado de M\u00e9xico,\nCiudad de M\u00e9xico y Puebla.<\/p>\n\n\n\n<p>EL\nANUNCIO<\/p>\n\n\n\n<p>El pasado\njueves tras una visita r\u00e1pida &#8211;que gener\u00f3 enojo de los propios locatarios pues\nni siquiera atendi\u00f3 a los afectados&#8211;, el mandatario inform\u00f3 que \u201cel Gobierno\ndel Estado destinar\u00e1 100 millones de pesos para el Proyecto Integral de\nRehabilitaci\u00f3n de la Central de Abasto, el cual contempla en una primera etapa\nlos trabajos de restituci\u00f3n del sistema el\u00e9ctrico, drenaje y agua potable\u201d.<\/p>\n","protected":false},"excerpt":{"rendered":"<p>Yuridiana Sosa\/Zona Roja. Foto: Cortes\u00eda Oaxaca de Ju\u00e1rez, Oax., 31 de mayo de 2020.- Con&hellip;<\/p>\n","protected":false},"author":2,"featured_media":13126,"comment_status":"closed","ping_status":"open","sticky":false,"template":"","format":"standard","meta":{"_lmt_disableupdate":"","_lmt_disable":"","_jetpack_memberships_contains_paid_content":false,"footnotes":""},"categories":[109,47],"tags":[173,1077],"class_list":["post-13125","post","type-post","status-publish","format-standard","has-post-thumbnail","hentry","category-minuto-a-minuto","category-zona-gris","tag-alejandro-murat-hinojosa","tag-mercado-de-abasto-ciudad-de-oaxaca"],"jetpack_featured_media_url":"https:\/\/zonaroja.com.mx\/wp-content\/uploads\/2020\/05\/Mercado-de-Abasto-ciudad-de-Oaxaca.jpg","jetpack_sharing_enabled":true,"_links":{"self":[{"href":"https:\/\/zonaroja.com.mx\/index.php?rest_route=\/wp\/v2\/posts\/13125","targetHints":{"allow":["GET"]}}],"collection":[{"href":"https:\/\/zonaroja.com.mx\/index.php?rest_route=\/wp\/v2\/posts"}],"about":[{"href":"https:\/\/zonaroja.com.mx\/index.php?rest_route=\/wp\/v2\/types\/post"}],"author":[{"embeddable":true,"href":"https:\/\/zonaroja.com.mx\/index.php?rest_route=\/wp\/v2\/users\/2"}],"replies":[{"embeddable":true,"href":"https:\/\/zonaroja.com.mx\/index.php?rest_route=%2Fwp%2Fv2%2Fcomments&post=13125"}],"version-history":[{"count":2,"href":"https:\/\/zonaroja.com.mx\/index.php?rest_route=\/wp\/v2\/posts\/13125\/revisions"}],"predecessor-version":[{"id":13741,"href":"https:\/\/zonaroja.com.mx\/index.php?rest_route=\/wp\/v2\/posts\/13125\/revisions\/13741"}],"wp:featuredmedia":[{"embeddable":true,"href":"https:\/\/zonaroja.com.mx\/index.php?rest_route=\/wp\/v2\/media\/13126"}],"wp:attachment":[{"href":"https:\/\/zonaroja.com.mx\/index.php?rest_route=%2Fwp%2Fv2%2Fmedia&parent=13125"}],"wp:term":[{"taxonomy":"category","embeddable":true,"href":"https:\/\/zonaroja.com.mx\/index.php?rest_route=%2Fwp%2Fv2%2Fcategories&post=13125"},{"taxonomy":"post_tag","embeddable":true,"href":"https:\/\/zonaroja.com.mx\/index.php?rest_route=%2Fwp%2Fv2%2Ftags&post=13125"}],"curies":[{"name":"wp","href":"https:\/\/api.w.org\/{rel}","templated":true}]}}