{"id":13128,"date":"2020-05-31T11:57:34","date_gmt":"2020-05-31T16:57:34","guid":{"rendered":"http:\/\/www.zonaroja.com.mx\/?p=13128"},"modified":"2020-05-31T11:57:38","modified_gmt":"2020-05-31T16:57:38","slug":"por-covid-ixtlan-de-juarez-se-aisla-totalmente-y-para-el-transporte","status":"publish","type":"post","link":"https:\/\/zonaroja.com.mx\/?p=13128","title":{"rendered":"Por Covid, Ixtl\u00e1n de Ju\u00e1rez se a\u00edsla totalmente y para el transporte"},"content":{"rendered":"\n<p>Ismael\nGarc\u00eda M.\/Zona Roja.<\/p>\n\n\n\n<p>Oaxaca de\nJu\u00e1rez, Oax., 31 de mayo de 2020.- Debido a que los contagios por Covid-19\nsiguen intensos en M\u00e9xico y en Oaxaca, el municipio de Ixtl\u00e1n de Ju\u00e1rez se\na\u00edsla totalmente por 15 d\u00edas, a partir de ma\u00f1ana 1 de junio.<\/p>\n\n\n\n<p>El\nCabildo acord\u00f3 que \u201cpara lograr una contenci\u00f3n efectiva de los contagios\ncomunitarios\u201d, la localidad serrana entrar\u00e1 en un periodo de cuarentena de dos\nsemanas.<\/p>\n\n\n\n<p>Por ello,\nno se permitir\u00e1 la salida ni ingreso de personas a la poblaci\u00f3n, ya sean\nciudadanos de la cabecera municipal o paisanos de otras poblaciones; se\ninstalar\u00e1n retenes en los accesos principales.<\/p>\n\n\n\n<p>Las personas que viajan por la v\u00eda federal 175, ya sea de Oaxaca a Tuxtepec o viceversa, as\u00ed como al sector Zoogocho, \u201ctendr\u00e1n el paso libre pero no podr\u00e1n hacer paradas por ning\u00fan motivo en la poblaci\u00f3n\u201d.<\/p>\n\n\n\n<figure class=\"wp-block-image\"><img decoding=\"async\" width=\"1024\" height=\"687\" src=\"http:\/\/www.zonaroja.com.mx\/wp-content\/uploads\/2020\/05\/Ixtl\u00e1n-de-Ju\u00e1rez-1-1024x687.jpg\" alt=\"\" class=\"wp-image-13129\" srcset=\"https:\/\/zonaroja.com.mx\/wp-content\/uploads\/2020\/05\/Ixtl\u00e1n-de-Ju\u00e1rez-1-1024x687.jpg 1024w, https:\/\/zonaroja.com.mx\/wp-content\/uploads\/2020\/05\/Ixtl\u00e1n-de-Ju\u00e1rez-1-300x201.jpg 300w, https:\/\/zonaroja.com.mx\/wp-content\/uploads\/2020\/05\/Ixtl\u00e1n-de-Ju\u00e1rez-1-768x515.jpg 768w, https:\/\/zonaroja.com.mx\/wp-content\/uploads\/2020\/05\/Ixtl\u00e1n-de-Ju\u00e1rez-1-1170x785.jpg 1170w, https:\/\/zonaroja.com.mx\/wp-content\/uploads\/2020\/05\/Ixtl\u00e1n-de-Ju\u00e1rez-1-585x393.jpg 585w, https:\/\/zonaroja.com.mx\/wp-content\/uploads\/2020\/05\/Ixtl\u00e1n-de-Ju\u00e1rez-1-263x175.jpg 263w, https:\/\/zonaroja.com.mx\/wp-content\/uploads\/2020\/05\/Ixtl\u00e1n-de-Ju\u00e1rez-1.jpg 1280w\" sizes=\"(max-width: 1024px) 100vw, 1024px\" \/><\/figure>\n\n\n\n<p>De la\nmisma manera, a los ciudadanos de Ixtl\u00e1n s\u00f3lo se les permitir\u00e1 salir de su\ndomicilio para que realicen actividades esenciales, s\u00f3lo se permitir\u00e1 un\nintegrante de cada familia al interior de la poblaci\u00f3n.<\/p>\n\n\n\n<p>\u201cLos\nservicios de transporte p\u00fablico de la comunidad estar\u00e1n suspendidos hasta nuevo\naviso\u201d; las gasolineras prestar\u00e1n su servicio de manera regular mientras que\nquienes laboran en la ciudad de Oaxaca, la autoridad les expedir\u00e1 una\nconstancia para pedir permiso a su empresa o se les solicitar\u00e1 quedarse en el\nmunicipio donde laboran.<\/p>\n\n\n\n<p>\u201cEl\nacceso s\u00f3lo ser\u00e1 concedido en caso de tener una emergencia en salud; las\ndependencias federales y estatales deber\u00e1n permanecer cerradas\u201d, inform\u00f3 a\ntrav\u00e9s de un oficio, firmado por el edil Luis Pacheco Rodr\u00edguez, as\u00ed como dem\u00e1s\nintegrantes del Cabildo.<\/p>\n","protected":false},"excerpt":{"rendered":"<p>Ismael Garc\u00eda M.\/Zona Roja. Oaxaca de Ju\u00e1rez, Oax., 31 de mayo de 2020.- Debido a&hellip;<\/p>\n","protected":false},"author":2,"featured_media":13130,"comment_status":"closed","ping_status":"open","sticky":false,"template":"","format":"standard","meta":{"_lmt_disableupdate":"","_lmt_disable":"","_jetpack_memberships_contains_paid_content":false,"footnotes":""},"categories":[109,47],"tags":[1512],"class_list":["post-13128","post","type-post","status-publish","format-standard","has-post-thumbnail","hentry","category-minuto-a-minuto","category-zona-gris","tag-coronavirus-oaxaca"],"jetpack_featured_media_url":"https:\/\/zonaroja.com.mx\/wp-content\/uploads\/2020\/05\/Ixtl\u00e1n-de-Ju\u00e1rez-2.jpg","jetpack_sharing_enabled":true,"_links":{"self":[{"href":"https:\/\/zonaroja.com.mx\/index.php?rest_route=\/wp\/v2\/posts\/13128","targetHints":{"allow":["GET"]}}],"collection":[{"href":"https:\/\/zonaroja.com.mx\/index.php?rest_route=\/wp\/v2\/posts"}],"about":[{"href":"https:\/\/zonaroja.com.mx\/index.php?rest_route=\/wp\/v2\/types\/post"}],"author":[{"embeddable":true,"href":"https:\/\/zonaroja.com.mx\/index.php?rest_route=\/wp\/v2\/users\/2"}],"replies":[{"embeddable":true,"href":"https:\/\/zonaroja.com.mx\/index.php?rest_route=%2Fwp%2Fv2%2Fcomments&post=13128"}],"version-history":[{"count":1,"href":"https:\/\/zonaroja.com.mx\/index.php?rest_route=\/wp\/v2\/posts\/13128\/revisions"}],"predecessor-version":[{"id":13131,"href":"https:\/\/zonaroja.com.mx\/index.php?rest_route=\/wp\/v2\/posts\/13128\/revisions\/13131"}],"wp:featuredmedia":[{"embeddable":true,"href":"https:\/\/zonaroja.com.mx\/index.php?rest_route=\/wp\/v2\/media\/13130"}],"wp:attachment":[{"href":"https:\/\/zonaroja.com.mx\/index.php?rest_route=%2Fwp%2Fv2%2Fmedia&parent=13128"}],"wp:term":[{"taxonomy":"category","embeddable":true,"href":"https:\/\/zonaroja.com.mx\/index.php?rest_route=%2Fwp%2Fv2%2Fcategories&post=13128"},{"taxonomy":"post_tag","embeddable":true,"href":"https:\/\/zonaroja.com.mx\/index.php?rest_route=%2Fwp%2Fv2%2Ftags&post=13128"}],"curies":[{"name":"wp","href":"https:\/\/api.w.org\/{rel}","templated":true}]}}