{"id":13132,"date":"2020-05-31T12:36:40","date_gmt":"2020-05-31T17:36:40","guid":{"rendered":"http:\/\/www.zonaroja.com.mx\/?p=13132"},"modified":"2020-05-31T12:36:44","modified_gmt":"2020-05-31T17:36:44","slug":"recuerdan-feministas-despenalizacion-del-aborto-como-hecho-historico-en-oaxaca","status":"publish","type":"post","link":"https:\/\/zonaroja.com.mx\/?p=13132","title":{"rendered":"Recuerdan feministas despenalizaci\u00f3n del aborto como hecho hist\u00f3rico en Oaxaca"},"content":{"rendered":"\n<p>Evlin\nArag\u00f3n\/Zona Roja.<\/p>\n\n\n\n<p>Oaxaca de\nJu\u00e1rez, Oax., 31 de mayo de 2020.- En el marco del D\u00eda Internacional de Acci\u00f3n\npor la Salud de las Mujeres, Consorcio Oaxaca present\u00f3 la onceava edici\u00f3n de su\nrevista \u201cLa Savia\u201d, la cual est\u00e1 dedicada en esta ocasi\u00f3n al derecho de las\nmujeres a decidir y la despenalizaci\u00f3n del aborto en la entidad.<\/p>\n\n\n\n<p>De\nacuerdo con Yesica S\u00e1nchez Maya, integrante de la organizaci\u00f3n, en esta ocasi\u00f3n\nla revista hace un recorrido desde el 2004, que el movimiento feminista tuvo un\nresurgimiento en la entidad oaxaque\u00f1a, hasta el 25 de septiembre d\u00eda hist\u00f3rico\nen el que se despenaliz\u00f3 el aborto hasta antes de las 12 de semanas de\ngestaci\u00f3n.<\/p>\n\n\n\n<p>La\npresentaci\u00f3n estuvo encabezada por las activistas y defensoras de los derechos de\nlas mujeres: Aid\u00e9 Garc\u00eda Hern\u00e1ndez, Mayra Morales Aldaz, Niz Yamille G\u00f3mez\nHern\u00e1ndez, Daptnhe Cuevas y Pilar Muriedas Ju\u00e1rez, quienes hablaron del camino\nrecorrido en la lucha por el derecho a decidir de las mujeres en Oaxaca y los\nretos que vienen.<\/p>\n\n\n\n<p>En el\ntrascurso de la charla que acompa\u00f1\u00f3 la presentaci\u00f3n de publicaci\u00f3n, las\nponentes coincidieron en que el derecho de las mujeres a decidir sobre su\npropio cuerpo debe ser un derecho b\u00e1sico, ya que es un principio fundamental de\nla autonom\u00eda, sin embargo, ha costado mucho que sea reconocido en las leyes\ndebido a que se imponen ideas morales y religiosas.<\/p>\n\n\n\n<p>Daptnhe\nCuevas detall\u00f3 que es inconstitucional que s\u00f3lo algunas mujeres -en la Ciudad\nde M\u00e9xico y recientemente en Oaxaca- tengan acceso a interrumpir su embarazo\nantes de las 12 semanas de gestaci\u00f3n, cuando el aborto deber\u00eda desaparecer de\nlos c\u00f3digos penales de todo el pa\u00eds.<\/p>\n\n\n\n<p>\u201cNo es\nmenor el logro en Oaxaca, entidad que registra una serie de injusticias\nvigentes en perjuicio de las mujeres incluidos los altos \u00edndices de pobreza; la\ndespenalizaci\u00f3n del aborto resulta un paso muy importante para ir generando\nmejores condiciones en la vida cotidiana de las mujeres\u201d, refiri\u00f3.<\/p>\n\n\n\n<p>Para\nYamille G\u00f3mez Hern\u00e1ndez la despenalizaci\u00f3n del aborto en Oaxaca es un mensaje\nde que gana la raz\u00f3n y los derechos de las mujeres, adem\u00e1s que es el resultado\nde una lucha muy larga y muy compleja en la que se han enfrentado a la\nmaquinaria conservadora.<\/p>\n\n\n\n<p>La\nexperimentada activista por los derechos sexuales y reproductivos, Pilar\nMuriedas, asegur\u00f3 que fue la insistencia y resistencia de las mujeres, as\u00ed como\nlas alianzas que se tejieron al interior y fuera del movimiento feministas las\nque sirvieron de empuje para convertir a Oaxaca en la segunda entidad que\ngarantiza el procedimiento de interrupci\u00f3n del embarazo hasta antes de las 12\nsemanas de gestaci\u00f3n.<\/p>\n\n\n\n<p>Finalmente,\nlas activistas coincidieron en la necesidad de mantener la lucha para defender\nlos derechos humanos de las mujeres, hasta conseguir que en todo el pa\u00eds su\nderecho a decidir sobre sus propios cuerpos sea una realidad.<\/p>\n\n\n\n<p>La\npublicaci\u00f3n que hace un recorrido hist\u00f3rico por la lucha de las mujeres por la\ndespenalizaci\u00f3n del aborto en Oaxaca puede consultarse en l\u00ednea a trav\u00e9s de\nwww.consorciooaxaca.org.<\/p>\n","protected":false},"excerpt":{"rendered":"<p>Evlin Arag\u00f3n\/Zona Roja. Oaxaca de Ju\u00e1rez, Oax., 31 de mayo de 2020.- En el marco&hellip;<\/p>\n","protected":false},"author":2,"featured_media":13133,"comment_status":"closed","ping_status":"open","sticky":false,"template":"","format":"standard","meta":{"_lmt_disableupdate":"","_lmt_disable":"","_jetpack_memberships_contains_paid_content":false,"footnotes":""},"categories":[109,46],"tags":[548],"class_list":["post-13132","post","type-post","status-publish","format-standard","has-post-thumbnail","hentry","category-minuto-a-minuto","category-zona-blanca","tag-consorcio-oaxaca"],"jetpack_featured_media_url":"https:\/\/zonaroja.com.mx\/wp-content\/uploads\/2020\/05\/Revista-La-Savia.jpg","jetpack_sharing_enabled":true,"_links":{"self":[{"href":"https:\/\/zonaroja.com.mx\/index.php?rest_route=\/wp\/v2\/posts\/13132","targetHints":{"allow":["GET"]}}],"collection":[{"href":"https:\/\/zonaroja.com.mx\/index.php?rest_route=\/wp\/v2\/posts"}],"about":[{"href":"https:\/\/zonaroja.com.mx\/index.php?rest_route=\/wp\/v2\/types\/post"}],"author":[{"embeddable":true,"href":"https:\/\/zonaroja.com.mx\/index.php?rest_route=\/wp\/v2\/users\/2"}],"replies":[{"embeddable":true,"href":"https:\/\/zonaroja.com.mx\/index.php?rest_route=%2Fwp%2Fv2%2Fcomments&post=13132"}],"version-history":[{"count":1,"href":"https:\/\/zonaroja.com.mx\/index.php?rest_route=\/wp\/v2\/posts\/13132\/revisions"}],"predecessor-version":[{"id":13134,"href":"https:\/\/zonaroja.com.mx\/index.php?rest_route=\/wp\/v2\/posts\/13132\/revisions\/13134"}],"wp:featuredmedia":[{"embeddable":true,"href":"https:\/\/zonaroja.com.mx\/index.php?rest_route=\/wp\/v2\/media\/13133"}],"wp:attachment":[{"href":"https:\/\/zonaroja.com.mx\/index.php?rest_route=%2Fwp%2Fv2%2Fmedia&parent=13132"}],"wp:term":[{"taxonomy":"category","embeddable":true,"href":"https:\/\/zonaroja.com.mx\/index.php?rest_route=%2Fwp%2Fv2%2Fcategories&post=13132"},{"taxonomy":"post_tag","embeddable":true,"href":"https:\/\/zonaroja.com.mx\/index.php?rest_route=%2Fwp%2Fv2%2Ftags&post=13132"}],"curies":[{"name":"wp","href":"https:\/\/api.w.org\/{rel}","templated":true}]}}