{"id":13140,"date":"2020-05-31T17:47:33","date_gmt":"2020-05-31T22:47:33","guid":{"rendered":"http:\/\/www.zonaroja.com.mx\/?p=13140"},"modified":"2020-05-31T18:45:35","modified_gmt":"2020-05-31T23:45:35","slug":"registra-oaxaca-dos-asesinados-a-balazos-en-domingo","status":"publish","type":"post","link":"https:\/\/zonaroja.com.mx\/?p=13140","title":{"rendered":"Registra Oaxaca dos asesinados a balazos en domingo"},"content":{"rendered":"\n<p>Ismael\nGarc\u00eda M. \/Zona Roja.<\/p>\n\n\n\n<p>Oaxaca de\nJu\u00e1rez, Oax., 31 de mayo de 2020.- En el \u00faltimo d\u00eda de mayo, al menos tres\npersonas han sido asesinadas a balazos, en las regiones Istmo de Tehuantepec y\nen la zona del Bajo Mixe de Oaxaca.<\/p>\n\n\n\n<p>La ma\u00f1ana\nde hoy fue descubierto el cuerpo de una persona del sexo masculino con varios\nimpactos de arma de fuego, a un costado de la carretera que conduce de Santo\nDomingo Tehuantepec a la localidad de San Luis Rey.<\/p>\n\n\n\n<p>La\nv\u00edctima fue identificada posteriormente por sus familiares como Marco Aurelio\nJarqu\u00edn, de 22 a\u00f1os de edad, originario y vecino de San Luis Rey, y hasta el\nmomento se desconoce qui\u00e9n o quienes lo asesinaron.<\/p>\n\n\n\n<p>Mientras\ntanto en la localidad de San Felipe Zihualtepec, del municipio de San Juan\nCotzoc\u00f3n Mixe, se registr\u00f3 un presunto enfrentamiento entre elementos de la\nAgencia Estatal de Investigaciones (AEI) de la Fiscal\u00eda General del Estado,\nquienes habr\u00edan abatido a una persona.<\/p>\n\n\n\n<p>Fue en un\ndomicilio de la calle Libertad de la colonia Chinanteco donde fue ejecutado un\nindividuo identificado de manera preliminar como Juan V\u00e1squez Castillejos, de\n45 a\u00f1os de edad.<\/p>\n\n\n\n<p>La\nFiscal\u00eda General guarda hermetismo en este \u00faltimo caso, pues incluso a dicha\nlocalidad tuvo que viajar el fiscal de delitos de alto impacto asignado a la\nregi\u00f3n del Istmo de Tehuantepec; inicialmente se hablaba que dos personas\nhab\u00edan sido asesinadas por un mal operativo de cateo efectuado por personal de\nla AEI. <\/p>\n","protected":false},"excerpt":{"rendered":"<p>Ismael Garc\u00eda M. \/Zona Roja. Oaxaca de Ju\u00e1rez, Oax., 31 de mayo de 2020.- En&hellip;<\/p>\n","protected":false},"author":2,"featured_media":13141,"comment_status":"closed","ping_status":"open","sticky":false,"template":"","format":"standard","meta":{"_lmt_disableupdate":"","_lmt_disable":"","_jetpack_memberships_contains_paid_content":false,"footnotes":""},"categories":[109,51],"tags":[1727],"class_list":["post-13140","post","type-post","status-publish","format-standard","has-post-thumbnail","hentry","category-minuto-a-minuto","category-zona-roja","tag-san-felipe-zihualtepec"],"jetpack_featured_media_url":"https:\/\/zonaroja.com.mx\/wp-content\/uploads\/2020\/05\/San-Felipe-Zihualtepec.jpg","jetpack_sharing_enabled":true,"_links":{"self":[{"href":"https:\/\/zonaroja.com.mx\/index.php?rest_route=\/wp\/v2\/posts\/13140","targetHints":{"allow":["GET"]}}],"collection":[{"href":"https:\/\/zonaroja.com.mx\/index.php?rest_route=\/wp\/v2\/posts"}],"about":[{"href":"https:\/\/zonaroja.com.mx\/index.php?rest_route=\/wp\/v2\/types\/post"}],"author":[{"embeddable":true,"href":"https:\/\/zonaroja.com.mx\/index.php?rest_route=\/wp\/v2\/users\/2"}],"replies":[{"embeddable":true,"href":"https:\/\/zonaroja.com.mx\/index.php?rest_route=%2Fwp%2Fv2%2Fcomments&post=13140"}],"version-history":[{"count":1,"href":"https:\/\/zonaroja.com.mx\/index.php?rest_route=\/wp\/v2\/posts\/13140\/revisions"}],"predecessor-version":[{"id":13142,"href":"https:\/\/zonaroja.com.mx\/index.php?rest_route=\/wp\/v2\/posts\/13140\/revisions\/13142"}],"wp:featuredmedia":[{"embeddable":true,"href":"https:\/\/zonaroja.com.mx\/index.php?rest_route=\/wp\/v2\/media\/13141"}],"wp:attachment":[{"href":"https:\/\/zonaroja.com.mx\/index.php?rest_route=%2Fwp%2Fv2%2Fmedia&parent=13140"}],"wp:term":[{"taxonomy":"category","embeddable":true,"href":"https:\/\/zonaroja.com.mx\/index.php?rest_route=%2Fwp%2Fv2%2Fcategories&post=13140"},{"taxonomy":"post_tag","embeddable":true,"href":"https:\/\/zonaroja.com.mx\/index.php?rest_route=%2Fwp%2Fv2%2Ftags&post=13140"}],"curies":[{"name":"wp","href":"https:\/\/api.w.org\/{rel}","templated":true}]}}