{"id":13144,"date":"2020-05-31T19:00:15","date_gmt":"2020-06-01T00:00:15","guid":{"rendered":"http:\/\/www.zonaroja.com.mx\/?p=13144"},"modified":"2020-05-31T19:41:48","modified_gmt":"2020-06-01T00:41:48","slug":"voces-nacionales-e-internacionales-se-unen-a-campana-que-busca-justiciaparasol","status":"publish","type":"post","link":"https:\/\/zonaroja.com.mx\/?p=13144","title":{"rendered":"Voces nacionales e internacionales se unen a campa\u00f1a que busca #JusticiaParaSol"},"content":{"rendered":"\n<p>Evlin\nArag\u00f3n\/Zona Roja.<\/p>\n\n\n\n<p>Oaxaca de\nJu\u00e1rez, Oax., 31 de mayo de 2020.- Las periodistas Karla Iberia S\u00e1nchez y Sara\nLovera, as\u00ed como los artistas Daniel Gim\u00e9nez Cacho, Geo Meneses y Ana D\u00edaz; la embajada\nde Canad\u00e1 en M\u00e9xico y el obispo Ra\u00fal Vera, se han pronunciado para exigir\njusticia para Mar\u00eda del Sol Cruz Jarqu\u00edn.<\/p>\n\n\n\n<p>Lo\nanterior en el marco de la campa\u00f1a \u201cHasta que la justicia llegue\u201d, a casi dos\na\u00f1os del asesinato de la joven fotoperiodista, ultimada el 2 de junio de 2018\nen Juchit\u00e1n de Zaragoza.<\/p>\n\n\n\n<p>Iniciada por la familia, la estrategia medi\u00e1tica busca evidenciar la impunidad, simulaci\u00f3n y complicidad por parte de las autoridades estatales, a 24 meses que un ataque armado le arrebato la vida a la fotoperiodista, en medio de una campa\u00f1a electoral a la que daba cobertura obligada por Francisco Montero L\u00f3pez, ex secretario de Asuntos Ind\u00edgena en Oaxaca.<\/p>\n\n\n\n<figure class=\"wp-block-embed-twitter wp-block-embed is-type-rich is-provider-twitter\"><div class=\"wp-block-embed__wrapper\">\n<div class=\"twitter-tweet\"><blockquote class=\"twitter-tweet\" data-lang=\"es\"><p lang=\"es\" dir=\"ltr\">Hasta que la justicia llegue, no m\u00e1s simulaci\u00f3n, no m\u00e1s impunidad.<a href=\"https:\/\/twitter.com\/hashtag\/2A%C3%B1osDeImpunidad?src=hash&amp;ref_src=twsrc%5Etfw\">#2A\u00f1osDeImpunidad<\/a> <a href=\"https:\/\/twitter.com\/hashtag\/2A%C3%B1osDeComplicidad?src=hash&amp;ref_src=twsrc%5Etfw\">#2A\u00f1osDeComplicidad<\/a> <a href=\"https:\/\/twitter.com\/hashtag\/JusticiaParaSol?src=hash&amp;ref_src=twsrc%5Etfw\">#JusticiaParaSol<\/a><a href=\"https:\/\/twitter.com\/consorciooaxaca?ref_src=twsrc%5Etfw\">@consorciooaxaca<\/a><a href=\"https:\/\/twitter.com\/MarthaTagle?ref_src=twsrc%5Etfw\">@MarthaTagle<\/a><a href=\"https:\/\/twitter.com\/qtf?ref_src=twsrc%5Etfw\">@qtf<\/a><a href=\"https:\/\/twitter.com\/DeniseMaerker?ref_src=twsrc%5Etfw\">@DeniseMaerker<\/a><a href=\"https:\/\/twitter.com\/DeniseDresserG?ref_src=twsrc%5Etfw\">@DeniseDresserG<\/a><a href=\"https:\/\/twitter.com\/alejandromurat?ref_src=twsrc%5Etfw\">@alejandromurat<\/a><a href=\"https:\/\/twitter.com\/lopezobrador_?ref_src=twsrc%5Etfw\">@lopezobrador_<\/a><a href=\"https:\/\/twitter.com\/M_OlgaSCordero?ref_src=twsrc%5Etfw\">@M_OlgaSCordero<\/a><a href=\"https:\/\/twitter.com\/nadgasman?ref_src=twsrc%5Etfw\">@nadgasman<\/a><a href=\"https:\/\/twitter.com\/CONAVIM_MX?ref_src=twsrc%5Etfw\">@CONAVIM_MX<\/a><a href=\"https:\/\/twitter.com\/CandeOchoaA?ref_src=twsrc%5Etfw\">@CandeOchoaA<\/a> <a href=\"https:\/\/t.co\/I1c9Meo5fN\">pic.twitter.com\/I1c9Meo5fN<\/a><\/p>&mdash; Soledad Jarqu\u00edn (@jarquinedgar) <a href=\"https:\/\/twitter.com\/jarquinedgar\/status\/1263169519759089664?ref_src=twsrc%5Etfw\">20 de mayo de 2020<\/a><\/blockquote><\/div>\n<\/div><\/figure>\n\n\n\n<p>\u201cUna\nadmirada periodista llamada Soledad Jarqu\u00edn, dedicada a documentar el dolor\nhumano de M\u00e9xico durante m\u00e1s de tres d\u00e9cadas, hoy enfrenta la dilaci\u00f3n, la\npasividad, la omisi\u00f3n y hasta la vileza de algunas autoridades\u201d, refiere Karla\nIberia S\u00e1nchez al sumarse a la campa\u00f1a en la que exige justicia para Sol.<\/p>\n\n\n\n<p>La\ntambi\u00e9n periodista Sara Lovera, asegura que no s\u00f3lo no hay justicia, sino que\nhay un desaseo por parte del fiscal del Estado de Oaxaca, Rub\u00e9n Vasconcelos\nM\u00e9ndez, adem\u00e1s de que a dos a\u00f1os de los hechos no ha esclarecido quienes fueron\nlos autores materiales e intelectuales del crimen.<\/p>\n\n\n\n<p>\u201cTenemos que pedir que se aclare el asunto, dos a\u00f1os no es poca cosa. Hasta que haya justicia para Sol vamos a estar en esto, no queremos que contin\u00fae la simulaci\u00f3n y la impunidad y decimos todas justicia para Sol\u201d, refiere.<\/p>\n\n\n\n<figure class=\"wp-block-embed-twitter wp-block-embed is-type-rich is-provider-twitter\"><div class=\"wp-block-embed__wrapper\">\n<div class=\"twitter-tweet\"><blockquote class=\"twitter-tweet\" data-lang=\"es\"><p lang=\"es\" dir=\"ltr\"><a href=\"https:\/\/twitter.com\/gimenezcacho?ref_src=twsrc%5Etfw\">@gimenezcacho<\/a> se suma a exigencia <a href=\"https:\/\/twitter.com\/hashtag\/HastaQueLaJusticiaLlegue?src=hash&amp;ref_src=twsrc%5Etfw\">#HastaQueLaJusticiaLlegue<\/a>, no m\u00e1s simulaci\u00f3n, no m\u00e1s impunidad. <a href=\"https:\/\/twitter.com\/hashtag\/justiciaparasol?src=hash&amp;ref_src=twsrc%5Etfw\">#justiciaparasol<\/a> <a href=\"https:\/\/twitter.com\/hashtag\/2A%C3%B1osDeImpunidad?src=hash&amp;ref_src=twsrc%5Etfw\">#2A\u00f1osDeImpunidad<\/a>         <a href=\"https:\/\/twitter.com\/hashtag\/2A%C3%B1osDeComplicidad?src=hash&amp;ref_src=twsrc%5Etfw\">#2A\u00f1osDeComplicidad<\/a><a href=\"https:\/\/twitter.com\/jarquinedgar?ref_src=twsrc%5Etfw\">@JarquinEdgar<\/a> <a href=\"https:\/\/twitter.com\/ONUDHmexico?ref_src=twsrc%5Etfw\">@ONUDHmexico<\/a> <a href=\"https:\/\/twitter.com\/alejandromurat?ref_src=twsrc%5Etfw\">@alejandromurat<\/a> <a href=\"https:\/\/twitter.com\/FISCALIA_GobOax?ref_src=twsrc%5Etfw\">@FISCALIA_GobOax<\/a> <a href=\"https:\/\/twitter.com\/FGRMexico?ref_src=twsrc%5Etfw\">@FGRMexico<\/a> <a href=\"https:\/\/twitter.com\/GobiernoMX?ref_src=twsrc%5Etfw\">@GobiernoMX<\/a> <a href=\"https:\/\/twitter.com\/UEenMexico?ref_src=twsrc%5Etfw\">@UEenMexico<\/a> <a href=\"https:\/\/t.co\/ftnyD05xL2\">https:\/\/t.co\/ftnyD05xL2<\/a><\/p>&mdash; Consorcio Oaxaca (@consorciooaxaca) <a href=\"https:\/\/twitter.com\/consorciooaxaca\/status\/1265696300701450241?ref_src=twsrc%5Etfw\">27 de mayo de 2020<\/a><\/blockquote><\/div>\n<\/div><\/figure>\n\n\n\n<p>El actor Daniel\nGim\u00e9nez Cacho denunci\u00f3 que el proceso de investigaci\u00f3n en el caso de Mar\u00eda Sol\nha estado lleno de simulaci\u00f3n, complicidad e impunidad con los agresores, a la\npar que record\u00f3 que en Oaxaca han aumentado los feminicidios en un 50 por\nciento y la desaparici\u00f3n de mujeres 700 por ciento.<\/p>\n\n\n\n<p>\u201cDesde\naqu\u00ed exigimos al fiscal de Oaxaca, Rub\u00e9n Vasconcelos, que se haga justicia a\nMar\u00eda del Sol, le exigimos que deje de simular y haga su trabajo sin\ncomplicidades\u201d, refiere el actor en un breve video compartido en sus redes\nsociales.<\/p>\n\n\n\n<p>La\ncantante oaxaque\u00f1a Geo Meneses record\u00f3 la calidez y alegr\u00eda que caracterizaba a\nMar\u00eda Sol -al conocerla en persona- y se pronunci\u00f3 como lo han hecho desde hace\ndos a\u00f1os decenas y cientos de activistas en Oaxaca y M\u00e9xico.<\/p>\n\n\n\n<p>\u201cHoy a\ncasi dos a\u00f1os de este terrible suceso, familiares, amigas, amigos, sociedad\ncivil decimos: hasta que la justicia llegue, no m\u00e1s impunidad, no m\u00e1s\nsimulaci\u00f3n. Justicia para Sol\u201d, manifiesta.<\/p>\n\n\n\n<p>Mientras\nque la cantautora Ana D\u00edaz se uni\u00f3 al reclamo y exigencia de justicia al\nevidenciar que se ha convertido en \u201cuno m\u00e1s\u201d de los muchos casos que las\nautoridades no han atendido en tiempo y forma dando pie al aumento de\nfeminicidios y desapariciones de mujeres.<\/p>\n\n\n\n<p>\u201cSu caso\nes un ejemplo m\u00e1s de impunidad y de complicidad que no ha sido resuelto. Me uno\na la exigencia por la justicia y condeno la impunidad en la que se ha conducido\na casi dos a\u00f1os\u201d, refiere la artista oaxaque\u00f1a<\/p>\n\n\n\n<p>Apenas este viernes, la embajada de Canad\u00e1 en M\u00e9xico se manifest\u00f3 en sus redes sociales por el caso y asegur\u00f3 que s\u00f3lo investigaciones efectivas garantizar\u00e1n justicia para las v\u00edctimas y sus familias.<\/p>\n\n\n\n<figure class=\"wp-block-embed-twitter wp-block-embed is-type-rich is-provider-twitter\"><div class=\"wp-block-embed__wrapper\">\n<div class=\"twitter-tweet\"><blockquote class=\"twitter-tweet\" data-lang=\"es\"><p lang=\"es\" dir=\"ltr\"><a href=\"https:\/\/twitter.com\/hashtag\/ObispoVera?src=hash&amp;ref_src=twsrc%5Etfw\">#ObispoVera<\/a> se suma a la campa\u00f1a <a href=\"https:\/\/twitter.com\/hashtag\/HastaQueLaJusticiaLlegue?src=hash&amp;ref_src=twsrc%5Etfw\">#HastaQueLaJusticiaLlegue<\/a> para exigir <a href=\"https:\/\/twitter.com\/hashtag\/JusticiaParaSol?src=hash&amp;ref_src=twsrc%5Etfw\">#JusticiaParaSol<\/a> asesinada en Oaxaca el 2 de junio del 2018, cuya investigaci\u00f3n no avanza<a href=\"https:\/\/twitter.com\/hashtag\/NoMasSimulacion?src=hash&amp;ref_src=twsrc%5Etfw\">#NoMasSimulacion<\/a><a href=\"https:\/\/twitter.com\/hashtag\/NoMasImpunidad?src=hash&amp;ref_src=twsrc%5Etfw\">#NoMasImpunidad<\/a><a href=\"https:\/\/twitter.com\/jarquinedgar?ref_src=twsrc%5Etfw\">@jarquinedgar<\/a> <br>@AlejandroMuratHinojosa<a href=\"https:\/\/twitter.com\/FISCALIA_GobOax?ref_src=twsrc%5Etfw\">@FISCALIA_GobOax<\/a><a href=\"https:\/\/twitter.com\/FGRMexico?ref_src=twsrc%5Etfw\">@FGRMexico<\/a><a href=\"https:\/\/twitter.com\/ONUDHmexico?ref_src=twsrc%5Etfw\">@ONUDHMexico<\/a> <a href=\"https:\/\/t.co\/ZOeAhkvUMe\">pic.twitter.com\/ZOeAhkvUMe<\/a><\/p>&mdash; Di\u00f3cesis de Saltillo (@diocesisaltillo) <a href=\"https:\/\/twitter.com\/diocesisaltillo\/status\/1267095899072856065?ref_src=twsrc%5Etfw\">31 de mayo de 2020<\/a><\/blockquote><\/div>\n<\/div><\/figure>\n\n\n\n<p>Este fin\nde semana, el obispo de Saltillo, Coahuila, Ra\u00fal Vera L\u00f3pez, emiti\u00f3 tambi\u00e9n un\nmensaje videograbado:<\/p>\n\n\n\n<p>\u201cQuiero\ndar mi palabra en el caso del feminicidio de Sol Cruz Jarqu\u00edn, quien en estos\nd\u00edas cumplir\u00e1 dos a\u00f1os en que fue asesinada. Quiere decir que es importante que\nse aclare ese delito, que se aclare ese feminicidio. Es muy importante; no\nqueremos vivir en esa situaci\u00f3n que hemos vivido 30 a\u00f1os, donde se nos ha\nmanipulado por medio de la impunidad.<\/p>\n\n\n\n<p>\u201cDe modo\nque, hasta que la justicia llegue, \u00a1no m\u00e1s simulaci\u00f3n!, \u00a1no m\u00e1s impunidad!,\n\u00a1justicia para Sol!\u201d.<\/p>\n\n\n\n<p>La\ncampa\u00f1a fue lanzada el pasado 20 de mayo y tambi\u00e9n invita al p\u00fablico en general\na colocar la insignia #JusticiaParaSol en la mayor cantidad de im\u00e1genes de\nperfil de las redes sociales hasta el 10 de junio para evidenciar que a pesar\nde que se han interpuesto todos los recursos jur\u00eddicos correspondientes las\nautoridades estatales en materia de justicia han sido omisas y negligentes.<\/p>\n","protected":false},"excerpt":{"rendered":"<p>Evlin Arag\u00f3n\/Zona Roja. Oaxaca de Ju\u00e1rez, Oax., 31 de mayo de 2020.- Las periodistas Karla&hellip;<\/p>\n","protected":false},"author":2,"featured_media":13145,"comment_status":"closed","ping_status":"open","sticky":false,"template":"","format":"standard","meta":{"_lmt_disableupdate":"","_lmt_disable":"","_jetpack_memberships_contains_paid_content":false,"footnotes":""},"categories":[109,47],"tags":[1059,1105],"class_list":["post-13144","post","type-post","status-publish","format-standard","has-post-thumbnail","hentry","category-minuto-a-minuto","category-zona-gris","tag-maria-del-sol-cruz-jarquin","tag-soledad-jarquin-edgar"],"jetpack_featured_media_url":"https:\/\/zonaroja.com.mx\/wp-content\/uploads\/2020\/05\/Soledad-Jarqu\u00edn-1.png","jetpack_sharing_enabled":true,"_links":{"self":[{"href":"https:\/\/zonaroja.com.mx\/index.php?rest_route=\/wp\/v2\/posts\/13144","targetHints":{"allow":["GET"]}}],"collection":[{"href":"https:\/\/zonaroja.com.mx\/index.php?rest_route=\/wp\/v2\/posts"}],"about":[{"href":"https:\/\/zonaroja.com.mx\/index.php?rest_route=\/wp\/v2\/types\/post"}],"author":[{"embeddable":true,"href":"https:\/\/zonaroja.com.mx\/index.php?rest_route=\/wp\/v2\/users\/2"}],"replies":[{"embeddable":true,"href":"https:\/\/zonaroja.com.mx\/index.php?rest_route=%2Fwp%2Fv2%2Fcomments&post=13144"}],"version-history":[{"count":1,"href":"https:\/\/zonaroja.com.mx\/index.php?rest_route=\/wp\/v2\/posts\/13144\/revisions"}],"predecessor-version":[{"id":13146,"href":"https:\/\/zonaroja.com.mx\/index.php?rest_route=\/wp\/v2\/posts\/13144\/revisions\/13146"}],"wp:featuredmedia":[{"embeddable":true,"href":"https:\/\/zonaroja.com.mx\/index.php?rest_route=\/wp\/v2\/media\/13145"}],"wp:attachment":[{"href":"https:\/\/zonaroja.com.mx\/index.php?rest_route=%2Fwp%2Fv2%2Fmedia&parent=13144"}],"wp:term":[{"taxonomy":"category","embeddable":true,"href":"https:\/\/zonaroja.com.mx\/index.php?rest_route=%2Fwp%2Fv2%2Fcategories&post=13144"},{"taxonomy":"post_tag","embeddable":true,"href":"https:\/\/zonaroja.com.mx\/index.php?rest_route=%2Fwp%2Fv2%2Ftags&post=13144"}],"curies":[{"name":"wp","href":"https:\/\/api.w.org\/{rel}","templated":true}]}}