{"id":13148,"date":"2020-05-31T20:05:33","date_gmt":"2020-06-01T01:05:33","guid":{"rendered":"http:\/\/www.zonaroja.com.mx\/?p=13148"},"modified":"2020-05-31T20:05:36","modified_gmt":"2020-06-01T01:05:36","slug":"se-mantiene-por-tiempo-indefinido-distanciamiento-social-en-oaxaca","status":"publish","type":"post","link":"https:\/\/zonaroja.com.mx\/?p=13148","title":{"rendered":"Se mantiene por tiempo indefinido distanciamiento social en Oaxaca"},"content":{"rendered":"\n<p>Redacci\u00f3n\/Zona\nRoja.<\/p>\n\n\n\n<p>Oaxaca de\nJu\u00e1rez, Oax., 31 de mayo de 2020.- El cierre de espacios p\u00fablicos y el\ndistanciamiento social se mantendr\u00e1n en Oaxaca por tiempo indefinido, ante el\ncreciente n\u00famero de contagios por Covid-19.<\/p>\n\n\n\n<p>En un\nbreve mensaje a trav\u00e9s de la Corporaci\u00f3n Oaxaque\u00f1a de Radio y Televisi\u00f3n, el\ngobernador Alejandro Murat Hinojosa inform\u00f3 que, a partir de este lunes, a las\nactividades no esenciales se agregar\u00e1 \u00fanicamente la miner\u00eda, el sector de la\nconstrucci\u00f3n y la actividad industrial en general, incluyendo f\u00e1bricas y\ntalleres artesanales de mezcales.<\/p>\n\n\n\n<p>Inform\u00f3\nque estas medidas ponen en primer lugar la salud de los oaxaque\u00f1os, al tiempo\nque reconocen la necesidad que tienen muchas familias de retomar sus\nactividades econ\u00f3micas.<\/p>\n\n\n\n<p>Expuso que\nse respetar\u00e1 el sem\u00e1foro de riesgo epidemiol\u00f3gico del Gobierno de M\u00e9xico, por\nlo que a partir de este 1 de junio los espacios p\u00fablicos permanecer\u00e1n cerrados.<\/p>\n\n\n\n<p>Agreg\u00f3 que se reforzar\u00e1n las medidas sanitarias y de distanciamiento social, como el uso obligatorio de cubrebocas, sanitizaci\u00f3n de espacios p\u00fablicos, lavado de manos constante, no salir de casa si no es necesario, entre otras que ayuden a la mitigaci\u00f3n del contagio.<\/p>\n\n\n\n<figure class=\"wp-block-embed-twitter wp-block-embed is-type-rich is-provider-twitter\"><div class=\"wp-block-embed__wrapper\">\n<div class=\"twitter-tweet\"><blockquote class=\"twitter-tweet\" data-lang=\"es\"><p lang=\"es\" dir=\"ltr\">Mensaje del Gobernador del Estado, Alejandro Murat Hinojosa, al pueblo de Oaxaca. <a href=\"https:\/\/t.co\/PqSqvFXgHL\">pic.twitter.com\/PqSqvFXgHL<\/a><\/p>&mdash; Alejandro Murat (@alejandromurat) <a href=\"https:\/\/twitter.com\/alejandromurat\/status\/1267244602035142658?ref_src=twsrc%5Etfw\">1 de junio de 2020<\/a><\/blockquote><\/div>\n<\/div><\/figure>\n\n\n\n<p>Reiter\u00f3\nque es muy importante que los grupos vulnerables como ni\u00f1as y ni\u00f1os menores de\ncinco a\u00f1os, mujeres embarazadas y personas de la tercera edad; as\u00ed como quienes\npadecen de enfermedades cr\u00f3nico degenerativas, permanezcan en casa hasta que\nlas autoridades sanitarias lo determinen.<\/p>\n\n\n\n<p>De igual\nmanera, expres\u00f3 que las clases no se reactivar\u00e1n hasta que el sem\u00e1foro est\u00e9 en\ncolor Verde, por ello los sistemas educativos de Oaxaca se apegar\u00e1n a los\nlineamientos y calendarios propuestos por la Secretar\u00eda de Educaci\u00f3n P\u00fablica.<\/p>\n\n\n\n<p>Asimismo,\nse\u00f1al\u00f3 que ante este panorama, el gobierno de Oaxaca ha determinado no iniciar\nlas actividades tur\u00edsticas en el estado; sin embargo, dijo, se estar\u00e1\nmonitoreando semanalmente el estatus del sem\u00e1foro para saber cu\u00e1les ser\u00e1n los\npasos a seguir.<\/p>\n\n\n\n<p>En un\ncomunicado, Murat Hinojosa expres\u00f3 su respeto a la autonom\u00eda municipal y a las\ndecisiones que emanen de los cabildos y los sistemas normativos, as\u00ed como a la\nlibre autodeterminaci\u00f3n de los pueblos ind\u00edgenas en sus asambleas.<\/p>\n\n\n\n<p>Refrend\u00f3\nsu agradecimiento a las y los trabajadores de salud, que con profesionalismo y\nvalent\u00eda se encuentran en primera l\u00ednea atendiendo a las y los pacientes y\npromoviendo acciones para evitar la propagaci\u00f3n de esta enfermedad.<\/p>\n","protected":false},"excerpt":{"rendered":"<p>Redacci\u00f3n\/Zona Roja. Oaxaca de Ju\u00e1rez, Oax., 31 de mayo de 2020.- El cierre de espacios&hellip;<\/p>\n","protected":false},"author":2,"featured_media":13149,"comment_status":"closed","ping_status":"open","sticky":false,"template":"","format":"standard","meta":{"_lmt_disableupdate":"","_lmt_disable":"","_jetpack_memberships_contains_paid_content":false,"footnotes":""},"categories":[109,47],"tags":[173,1512],"class_list":["post-13148","post","type-post","status-publish","format-standard","has-post-thumbnail","hentry","category-minuto-a-minuto","category-zona-gris","tag-alejandro-murat-hinojosa","tag-coronavirus-oaxaca"],"jetpack_featured_media_url":"https:\/\/zonaroja.com.mx\/wp-content\/uploads\/2020\/05\/Alejandro-Murat.jpeg","jetpack_sharing_enabled":true,"_links":{"self":[{"href":"https:\/\/zonaroja.com.mx\/index.php?rest_route=\/wp\/v2\/posts\/13148","targetHints":{"allow":["GET"]}}],"collection":[{"href":"https:\/\/zonaroja.com.mx\/index.php?rest_route=\/wp\/v2\/posts"}],"about":[{"href":"https:\/\/zonaroja.com.mx\/index.php?rest_route=\/wp\/v2\/types\/post"}],"author":[{"embeddable":true,"href":"https:\/\/zonaroja.com.mx\/index.php?rest_route=\/wp\/v2\/users\/2"}],"replies":[{"embeddable":true,"href":"https:\/\/zonaroja.com.mx\/index.php?rest_route=%2Fwp%2Fv2%2Fcomments&post=13148"}],"version-history":[{"count":1,"href":"https:\/\/zonaroja.com.mx\/index.php?rest_route=\/wp\/v2\/posts\/13148\/revisions"}],"predecessor-version":[{"id":13150,"href":"https:\/\/zonaroja.com.mx\/index.php?rest_route=\/wp\/v2\/posts\/13148\/revisions\/13150"}],"wp:featuredmedia":[{"embeddable":true,"href":"https:\/\/zonaroja.com.mx\/index.php?rest_route=\/wp\/v2\/media\/13149"}],"wp:attachment":[{"href":"https:\/\/zonaroja.com.mx\/index.php?rest_route=%2Fwp%2Fv2%2Fmedia&parent=13148"}],"wp:term":[{"taxonomy":"category","embeddable":true,"href":"https:\/\/zonaroja.com.mx\/index.php?rest_route=%2Fwp%2Fv2%2Fcategories&post=13148"},{"taxonomy":"post_tag","embeddable":true,"href":"https:\/\/zonaroja.com.mx\/index.php?rest_route=%2Fwp%2Fv2%2Ftags&post=13148"}],"curies":[{"name":"wp","href":"https:\/\/api.w.org\/{rel}","templated":true}]}}