{"id":13157,"date":"2020-05-31T20:59:20","date_gmt":"2020-06-01T01:59:20","guid":{"rendered":"http:\/\/www.zonaroja.com.mx\/?p=13157"},"modified":"2020-05-31T21:05:01","modified_gmt":"2020-06-01T02:05:01","slug":"en-24-horas-22-trabajadores-del-sector-salud-de-oaxaca-dan-positivo-a-covid","status":"publish","type":"post","link":"https:\/\/zonaroja.com.mx\/?p=13157","title":{"rendered":"En 24 horas, 22 trabajadores del sector salud de Oaxaca dan positivo a Covid"},"content":{"rendered":"\n<p>Redacci\u00f3n\/Zona\nRoja.<\/p>\n\n\n\n<p>Oaxaca de\nJu\u00e1rez, Oax., 31 de mayo de 2020.- De acuerdo con la actualizaci\u00f3n diaria del\ncurso de la emergencia sanitaria, hasta este domingo 31 de mayo, se han\ndetectado en Oaxaca mil 416 casos positivos y 154 decesos.<\/p>\n\n\n\n<p>A dependencia\nServicios de Salud de Oaxaca se\u00f1al\u00f3 que se han realizado tres mil 520 pruebas a\npersonas con s\u00edntomas compatibles a esta patolog\u00eda, de este universo: mil 491\nhan dado negativo al virus, 613 se encuentran en espera de resultados y 900\npacientes se han recuperado de la enfermedad.<\/p>\n\n\n\n<p>Destac\u00f3 que actualmente 362 personas se encuentran cursando la patolog\u00eda infecciosa, de esta cifra: Valles Centrales concentra 260 casos, seguido por Tuxtepec con 40, la Mixteca con 20, Sierra (Norte) con 17, Costa con 13 y el Istmo de Tehuantepec con 12 registros.<\/p>\n\n\n\n<figure class=\"wp-block-image\"><img decoding=\"async\" width=\"1024\" height=\"576\" src=\"http:\/\/www.zonaroja.com.mx\/wp-content\/uploads\/2020\/05\/SSO-2-2-2-1024x576.jpeg\" alt=\"\" class=\"wp-image-13158\" srcset=\"https:\/\/zonaroja.com.mx\/wp-content\/uploads\/2020\/05\/SSO-2-2-2-1024x576.jpeg 1024w, https:\/\/zonaroja.com.mx\/wp-content\/uploads\/2020\/05\/SSO-2-2-2-300x169.jpeg 300w, https:\/\/zonaroja.com.mx\/wp-content\/uploads\/2020\/05\/SSO-2-2-2-768x432.jpeg 768w, https:\/\/zonaroja.com.mx\/wp-content\/uploads\/2020\/05\/SSO-2-2-2-1170x658.jpeg 1170w, https:\/\/zonaroja.com.mx\/wp-content\/uploads\/2020\/05\/SSO-2-2-2-585x329.jpeg 585w, https:\/\/zonaroja.com.mx\/wp-content\/uploads\/2020\/05\/SSO-2-2-2.jpeg 1280w\" sizes=\"(max-width: 1024px) 100vw, 1024px\" \/><\/figure>\n\n\n\n<p>En un\ncomunicado de prensa, mencion\u00f3 que la presencia del virus se ha esparcido en\n152 municipios del territorio oaxaque\u00f1o, tres m\u00e1s que el d\u00eda de ayer, ya que se\nagregaron a la estad\u00edstica de positivos las localidades de Heroica Ciudad de\nEjutla de Crespo, Tepelmeme Villa de Morelos, Asunci\u00f3n Cuyotepeji, cada una con\nun confirmado.<\/p>\n\n\n\n<p>Asimismo, dijo que la mayor proporci\u00f3n de contagios de Covid-19 contin\u00faa siendo en el sexo masculino con 816 pacientes, en comparaci\u00f3n con los casos que se han identificado en la poblaci\u00f3n femenina, quienes suman 600 registros; y el grupo de edad con m\u00e1s defunciones es el de 65 y m\u00e1s a\u00f1os, con 63 decesos.<\/p>\n\n\n\n<p>Precis\u00f3 que desafortunadamente en las \u00faltimas 24 horas, 22 trabajadores de salud salieron positivos a la prueba de COVID-19, lo que da un total de 288 profesionales del Sector. <\/p>\n\n\n\n<p>Enfatiz\u00f3\nque del reporte de confirmados, 381 han recibido atenci\u00f3n hospitalaria y mil\n035 son casos ambulatorios, con confinamiento domiciliario y bajo vigilancia\nm\u00e9dica.<\/p>\n","protected":false},"excerpt":{"rendered":"<p>Redacci\u00f3n\/Zona Roja. Oaxaca de Ju\u00e1rez, Oax., 31 de mayo de 2020.- De acuerdo con la&hellip;<\/p>\n","protected":false},"author":2,"featured_media":13159,"comment_status":"closed","ping_status":"open","sticky":false,"template":"","format":"standard","meta":{"_lmt_disableupdate":"","_lmt_disable":"","_jetpack_memberships_contains_paid_content":false,"footnotes":""},"categories":[109,47],"tags":[1512],"class_list":["post-13157","post","type-post","status-publish","format-standard","has-post-thumbnail","hentry","category-minuto-a-minuto","category-zona-gris","tag-coronavirus-oaxaca"],"jetpack_featured_media_url":"https:\/\/zonaroja.com.mx\/wp-content\/uploads\/2020\/05\/SSO-1-2-3.jpeg","jetpack_sharing_enabled":true,"_links":{"self":[{"href":"https:\/\/zonaroja.com.mx\/index.php?rest_route=\/wp\/v2\/posts\/13157","targetHints":{"allow":["GET"]}}],"collection":[{"href":"https:\/\/zonaroja.com.mx\/index.php?rest_route=\/wp\/v2\/posts"}],"about":[{"href":"https:\/\/zonaroja.com.mx\/index.php?rest_route=\/wp\/v2\/types\/post"}],"author":[{"embeddable":true,"href":"https:\/\/zonaroja.com.mx\/index.php?rest_route=\/wp\/v2\/users\/2"}],"replies":[{"embeddable":true,"href":"https:\/\/zonaroja.com.mx\/index.php?rest_route=%2Fwp%2Fv2%2Fcomments&post=13157"}],"version-history":[{"count":2,"href":"https:\/\/zonaroja.com.mx\/index.php?rest_route=\/wp\/v2\/posts\/13157\/revisions"}],"predecessor-version":[{"id":13161,"href":"https:\/\/zonaroja.com.mx\/index.php?rest_route=\/wp\/v2\/posts\/13157\/revisions\/13161"}],"wp:featuredmedia":[{"embeddable":true,"href":"https:\/\/zonaroja.com.mx\/index.php?rest_route=\/wp\/v2\/media\/13159"}],"wp:attachment":[{"href":"https:\/\/zonaroja.com.mx\/index.php?rest_route=%2Fwp%2Fv2%2Fmedia&parent=13157"}],"wp:term":[{"taxonomy":"category","embeddable":true,"href":"https:\/\/zonaroja.com.mx\/index.php?rest_route=%2Fwp%2Fv2%2Fcategories&post=13157"},{"taxonomy":"post_tag","embeddable":true,"href":"https:\/\/zonaroja.com.mx\/index.php?rest_route=%2Fwp%2Fv2%2Ftags&post=13157"}],"curies":[{"name":"wp","href":"https:\/\/api.w.org\/{rel}","templated":true}]}}