{"id":13163,"date":"2020-06-01T07:21:49","date_gmt":"2020-06-01T12:21:49","guid":{"rendered":"http:\/\/www.zonaroja.com.mx\/?p=13163"},"modified":"2020-06-01T08:02:44","modified_gmt":"2020-06-01T13:02:44","slug":"escalan-protestas-en-eu-y-llega-a-casa-blanca-son-terroristas-trump","status":"publish","type":"post","link":"https:\/\/zonaroja.com.mx\/?p=13163","title":{"rendered":"Escalan protestas en EU y llega a Casa Blanca; \u201cson terroristas\u201d: Trump"},"content":{"rendered":"\n<p>Redacci\u00f3n\/Zona Roja Cdmx.<\/p>\n\n\n\n<p>Ciudad de M\u00e9xico, 1 de junio de 2020.- El\ncrimen de George Floyd despert\u00f3 la indignaci\u00f3n en los Estados Unidos de\nNorteam\u00e9rica y las protestas han escalado en m\u00e1s de 75 ciudades, hasta llegar\nfrente a la Casa Blanca, donde el Presidente Donald Trump, que calific\u00f3 a los\ninconformes como \u201cterroristas\u201d, se refugi\u00f3.<\/p>\n\n\n\n<p>El gobierno de Trump se pronunci\u00f3 por\nmayores acciones represivas y responsabiliz\u00f3 a elementos izquierdistas\nterroristas de las revueltas, detalla la informaci\u00f3n del diario \u201cLa Jornada\u201d.<\/p>\n\n\n\n<p>A pesar del despliegue de la Guardia\nNacional en por lo menos 14 estados y varias metr\u00f3polis (Los \u00c1ngeles, Atlanta,\nMinneapolis y la capital Washington), la implementaci\u00f3n de toques de queda en\npor lo menos 25 ciudades y en todo un estado (Arizona) \u2013primera vez que se\ngiran tantas \u00f3rdenes desde las revueltas provocadas por el asesinato de Martin\nLuther King Jr en 1968\u2013 y con m\u00e1s de 3 mil arrestos en 24 ciudades desde el\njueves, la ola de manifestaciones y actos de protesta continuaron por sexto d\u00eda\nen todo el pa\u00eds.<\/p>\n\n\n\n<p>\u201cNo puedo respirar\u201d. \u201cDi su nombre:\nGeorge Floyd\u201d. \u201cSin justicia no hay paz\u201d. \u201cLas vidas de los negros importan\u201d.\nSon las consignas m\u00e1s coreadas por miles de costa a costa en manifestaciones y\nactos en gran medida pac\u00edficos con una participaci\u00f3n multirracial encabezada en\ngran medida por j\u00f3venes, pero acompa\u00f1ados con veteranos de varios movimientos y\ntambi\u00e9n de algunos migrantes de varias regiones del mundo; por ejemplo, en\nAtlanta una bandera mexicana ondeaba junto a una de Black Lives Matter.<\/p>\n\n\n\n<p>En Minneapolis, el due\u00f1o de un\nrestaurante de comida de Bangladesh, cuyo local fue da\u00f1ado por un incendio\ndurante la protesta el pasado viernes, coment\u00f3 a un amigo: \u201cque se queme mi\nedificio. La justicia necesita ser servida\u201d. <\/p>\n\n\n\n<p>Prest\u00f3 su local como estaci\u00f3n de primer\nauxilio para manifestantes durante los pr\u00f3ximos d\u00edas y continu\u00f3 cocinando para\nellos. El nombre de su restaurante rinde homenaje a Gandhi.<\/p>\n\n\n\n<p>Las protestas sobre la violencia\npoliciaca contra la comunidad afroestadunidense fueron detonadas por la muerte\nel lunes pasado en Minneapolis de George Floyd, estadunidense arrestado y\nsometido por un polic\u00eda blanco, quien coloc\u00f3 una rodilla sobre su cuello por\ncasi nueve minutos.<\/p>\n\n\n\n<p>La gran mayor\u00eda de los actos y de los\nmanifestantes se han expresado de manera pac\u00edfica, aunque continuaron los\nincidentes de vandalismo y saqueo en varias ciudades, a veces contra los deseos\nde otros manifestantes en esos lugares, llevando a un debate entre ellos, as\u00ed\ncomo de diversos l\u00edderes de derechos civiles sobre el peligro de que la\nviolencia y los saqueos se vuelvan el tema, en lugar del problema por el cual\nse est\u00e1 protestando.<\/p>\n\n\n\n<p>El diputado John Lewis, de Georgia,\nquien march\u00f3 con Martin Luther King Jr en los a\u00f1os 60, ofreci\u00f3 un mensaje a los\nmanifestantes: conozco su dolor, su furia, se sentido de desesperaci\u00f3n. La\njusticia ha sido, de hecho, negada durante demasiado tiempo. Los disturbios,\nsaqueos e incendios no son el camino. Organicen. Hagan manifestaciones. Ocupen.\nP\u00f3nganse de pie. Voten. Sean constructivos, no destructivos.<\/p>\n\n\n\n<p>Varios periodistas denuncian actos de\nviolencia en su contra por fuerzas de seguridad, a pesar de identificarse.\nAlgunos han sido impactados por balas de goma, incluido un fot\u00f3grafo que qued\u00f3\nciego de un ojo. El Comit\u00e9 de Protecci\u00f3n de Periodistas conden\u00f3 los ataques\ncontra reporteros que cubren las protestas: son un intento inaceptable de\nintimidaci\u00f3n.<\/p>\n\n\n\n<p>INESPERADO<\/p>\n\n\n\n<p>Pero tambi\u00e9n hubo escenas inesperadas\nen las que polic\u00edas se sumaron o expresaron apoyo a las protestas, como en\nQueens, Nueva York y en Nueva Jersey, donde los uniformados ayudaron en sostener\nmantas, o en Flint, Michigan, donde un alguacil declar\u00f3: nosotros tambi\u00e9n\nestamos enojados por lo sucedido en Minneapolis y \u00e9l y sus oficiales se\nquitaron sus cascos y dejaron sus macanas para marchar junto a los\nmanifestantes; en Santa Cruz, California, donde el jefe de polic\u00eda se hinc\u00f3\nsobre su rodilla en solidaridad; en Miami y en Houston, donde el jefe de\npolic\u00eda Art Acevedo denunci\u00f3 la brutalidad policiaca.<\/p>\n\n\n\n<p>En Washington, manifestantes llegaron\ncerca de la Casa Blanca una vez m\u00e1s, lo cual elev\u00f3 el nivel de seguridad para\nproteger el lugar con el presidente adentro. De hecho, el mandatario fue\nllevado por el Servicio Secreto al b\u00fanker dentro del complejo el viernes\npasado, al acercarse cientos de manifestantes, report\u00f3 ayer el New York Times.\nEste domingo no se present\u00f3 en p\u00fablico y la Casa Blanca envi\u00f3 un mensaje a\nempleados para que evitaran llegar a trabajar al complejo del inmueble (son\nvarios edificios) esta noche por las manifestaciones.<\/p>\n\n\n\n<p>MANO DURA<\/p>\n\n\n\n<p>Trump anunci\u00f3 en un tuit: Estados\nUnidos de Am\u00e9rica estar\u00e1 designando a Antifa como organizaci\u00f3n terrorista,\naunque no dispone de esa autoridad. El procurador general, William Barr,\ndeclar\u00f3 que la violencia instigada y llevada a cabo por Antifa y otros grupos\nsimilares en conexi\u00f3n con los disturbios es terrorismo dom\u00e9stico y ser\u00e1 tratado\nde la manera correspondiente.<\/p>\n\n\n\n<p>El problema es que Antifa no es una\norganizaci\u00f3n, ni un grupo, sino que es una red descentralizada de activistas\nque se proclaman antifascistas y favorecen la acci\u00f3n directa.<\/p>\n\n\n\n<p>Desde que se iniciaron las protestas,\nTrump y algunas autoridades estatales y locales han acusado a fuerzas\nizquierdistas y radicales que vienen de afuera para promover sus agendas\nviolentas y extremistas, como los responsables de los actos violentos en las\nprotestas, sin ofrecer ninguna evidencia. Con ello, buscan caracterizar las\nprotestas como algo ajeno y evitar abordar sus causas.<\/p>\n\n\n\n<p>Trump reiter\u00f3 su exigencia de mano dura\npor alcaldes y gobernadores. \u201cEstas personas son ANARQUISTAS. Convoquen a\nnuestra Guardia Nacional AHORA. El mundo est\u00e1 observando y se est\u00e1 riendo de\nustedes\u2026 \u00bfEsto es lo que quiere Estados Unidos? \u00a1NO!\u201d, tuiteo. Mientras tanto,\nsigui\u00f3 escondido dentro de la Casa Blanca.<\/p>\n\n\n\n<p>(Informaci\u00f3n de \u201cLa Jornada\u201d)<\/p>\n","protected":false},"excerpt":{"rendered":"<p>Redacci\u00f3n\/Zona Roja Cdmx. Ciudad de M\u00e9xico, 1 de junio de 2020.- El crimen de George&hellip;<\/p>\n","protected":false},"author":2,"featured_media":13164,"comment_status":"closed","ping_status":"open","sticky":false,"template":"","format":"standard","meta":{"_lmt_disableupdate":"","_lmt_disable":"","_jetpack_memberships_contains_paid_content":false,"footnotes":""},"categories":[109,47],"tags":[1060,1022,1728],"class_list":["post-13163","post","type-post","status-publish","format-standard","has-post-thumbnail","hentry","category-minuto-a-minuto","category-zona-gris","tag-donald-trump","tag-estados-unidos-de-nortamerica","tag-george-floyd"],"jetpack_featured_media_url":"https:\/\/zonaroja.com.mx\/wp-content\/uploads\/2020\/06\/Protestas-EU.jpg","jetpack_sharing_enabled":true,"_links":{"self":[{"href":"https:\/\/zonaroja.com.mx\/index.php?rest_route=\/wp\/v2\/posts\/13163","targetHints":{"allow":["GET"]}}],"collection":[{"href":"https:\/\/zonaroja.com.mx\/index.php?rest_route=\/wp\/v2\/posts"}],"about":[{"href":"https:\/\/zonaroja.com.mx\/index.php?rest_route=\/wp\/v2\/types\/post"}],"author":[{"embeddable":true,"href":"https:\/\/zonaroja.com.mx\/index.php?rest_route=\/wp\/v2\/users\/2"}],"replies":[{"embeddable":true,"href":"https:\/\/zonaroja.com.mx\/index.php?rest_route=%2Fwp%2Fv2%2Fcomments&post=13163"}],"version-history":[{"count":1,"href":"https:\/\/zonaroja.com.mx\/index.php?rest_route=\/wp\/v2\/posts\/13163\/revisions"}],"predecessor-version":[{"id":13165,"href":"https:\/\/zonaroja.com.mx\/index.php?rest_route=\/wp\/v2\/posts\/13163\/revisions\/13165"}],"wp:featuredmedia":[{"embeddable":true,"href":"https:\/\/zonaroja.com.mx\/index.php?rest_route=\/wp\/v2\/media\/13164"}],"wp:attachment":[{"href":"https:\/\/zonaroja.com.mx\/index.php?rest_route=%2Fwp%2Fv2%2Fmedia&parent=13163"}],"wp:term":[{"taxonomy":"category","embeddable":true,"href":"https:\/\/zonaroja.com.mx\/index.php?rest_route=%2Fwp%2Fv2%2Fcategories&post=13163"},{"taxonomy":"post_tag","embeddable":true,"href":"https:\/\/zonaroja.com.mx\/index.php?rest_route=%2Fwp%2Fv2%2Ftags&post=13163"}],"curies":[{"name":"wp","href":"https:\/\/api.w.org\/{rel}","templated":true}]}}