{"id":13167,"date":"2020-06-01T08:05:07","date_gmt":"2020-06-01T13:05:07","guid":{"rendered":"http:\/\/www.zonaroja.com.mx\/?p=13167"},"modified":"2020-06-01T08:05:10","modified_gmt":"2020-06-01T13:05:10","slug":"con-casi-10-mil-muertos-y-100-mil-contagios-mexico-inicia-nueva-normalidad","status":"publish","type":"post","link":"https:\/\/zonaroja.com.mx\/?p=13167","title":{"rendered":"Con casi 10 mil muertos y 100 mil contagios, M\u00e9xico inicia \u201cnueva normalidad\u201d"},"content":{"rendered":"\n<p>Redacci\u00f3n\/Zona Roja Cdmx.<\/p>\n\n\n\n<p>Ciudad de M\u00e9xico, 1 de junio de 2020.- En\nsem\u00e1foro rojo, con casi 10 mil muertos y m\u00e1s de 90 mil contagiados por Covid-19,\nM\u00e9xico inici\u00f3 este lunes la fase de \u201cnueva normalidad\u201d, que incluye el reinicio\nde giras de trabajo del Presidente Andr\u00e9s Manuel L\u00f3pez Obrador.<\/p>\n\n\n\n<p>Anoche, la Secretar\u00eda de Salud federal\ninform\u00f3 que el n\u00famero de fallecimientos ascendi\u00f3 a nueve mil 930 mientras que los\ncasos confirmados sumaron 90 mil 664.<\/p>\n\n\n\n<p>El subsecretario de Salud, Hugo\nL\u00f3pez-Gatell, advirti\u00f3 que \u201cContin\u00faa la epidemia y es important\u00edsimo\nmantenernos todav\u00eda con las medidas de mitigaci\u00f3n que se basan en restringir la\nmovilidad en el espacio p\u00fablico. <\/p>\n\n\n\n<p>\u201cEste 1 de junio no es regresar a la\nactividad, no es abrir libremente todas las actividades sociales, econ\u00f3micas y\ndesde luego las educativas, no lo es, no lo es.&nbsp;\nLo enfatizo porque es imprescindible que la poblaci\u00f3n sepa que el\npeligro persiste y que toda la Rep\u00fablica se encuentra en sem\u00e1foro rojo con\nexcepci\u00f3n del estado de Zacatecas que se encuentra con&nbsp; sem\u00e1foro anaranjado\u201d.<\/p>\n\n\n\n<p>Aclar\u00f3 que la&nbsp; reactivaci\u00f3n gradual de la vida econ\u00f3mica y\nsocial&nbsp; en el pa\u00eds a partir de este lunes\nno implica que la epidemia haya terminado.<\/p>\n\n\n\n<p>\u201cHoy no, no se acaba la epidemia, hoy\nno se acaba la restricci\u00f3n necesaria de la movilidad en el&nbsp; espacio p\u00fablico para seguir mitigando la\nepidemia de Covid, hoy no se acaba\u201d, reiter\u00f3 anoche.<\/p>\n\n\n\n<p>\u201cLa \u00fanica diferencia con la conclusi\u00f3n\nde la Jornada Nacional de Sana Distancia es que a partir de ma\u00f1ana 1 de junio,\nlas&nbsp; entidades federativas, los gobiernos\nestatales, quienes son autoridades sanitarias de car\u00e1cter estatal tomar\u00e1n en\nsus manos las disposiciones que ayuden a reducir los contagios, con apoyo y\nasesor\u00eda t\u00e9cnica de la autoridad sanitaria federal\u201d, dijo.<\/p>\n\n\n\n<p>En este contexto, detall\u00f3 que\npr\u00e1cticamente 71 personas por cada 100 mil habitantes en M\u00e9xico han tenido\ncovid-19 desde el pasado 28 de febrero y que la&nbsp;\nzona metropolitana Del Valle de M\u00e9xico se mantiene como la m\u00e1s afectada\npor la pandemia.<\/p>\n\n\n\n<p>\u201cEspecialmente en el Valle de M\u00e9xico,\nCiudad de M\u00e9xico y toda la zona conurbada del Estado de M\u00e9xico, es imperativo\nque no se regrese a las actividades p\u00fablicas de manera desordenada, de manera\ngeneralizada a partir del 1 de junio, no regresar\u201d, indic\u00f3.<\/p>\n","protected":false},"excerpt":{"rendered":"<p>Redacci\u00f3n\/Zona Roja Cdmx. Ciudad de M\u00e9xico, 1 de junio de 2020.- En sem\u00e1foro rojo, con&hellip;<\/p>\n","protected":false},"author":2,"featured_media":13168,"comment_status":"closed","ping_status":"open","sticky":false,"template":"","format":"standard","meta":{"_lmt_disableupdate":"","_lmt_disable":"","_jetpack_memberships_contains_paid_content":false,"footnotes":""},"categories":[109,47],"tags":[1328],"class_list":["post-13167","post","type-post","status-publish","format-standard","has-post-thumbnail","hentry","category-minuto-a-minuto","category-zona-gris","tag-coronavirus-mexico"],"jetpack_featured_media_url":"https:\/\/zonaroja.com.mx\/wp-content\/uploads\/2020\/06\/Coronavirus-Covid-positivo.jpg","jetpack_sharing_enabled":true,"_links":{"self":[{"href":"https:\/\/zonaroja.com.mx\/index.php?rest_route=\/wp\/v2\/posts\/13167","targetHints":{"allow":["GET"]}}],"collection":[{"href":"https:\/\/zonaroja.com.mx\/index.php?rest_route=\/wp\/v2\/posts"}],"about":[{"href":"https:\/\/zonaroja.com.mx\/index.php?rest_route=\/wp\/v2\/types\/post"}],"author":[{"embeddable":true,"href":"https:\/\/zonaroja.com.mx\/index.php?rest_route=\/wp\/v2\/users\/2"}],"replies":[{"embeddable":true,"href":"https:\/\/zonaroja.com.mx\/index.php?rest_route=%2Fwp%2Fv2%2Fcomments&post=13167"}],"version-history":[{"count":1,"href":"https:\/\/zonaroja.com.mx\/index.php?rest_route=\/wp\/v2\/posts\/13167\/revisions"}],"predecessor-version":[{"id":13169,"href":"https:\/\/zonaroja.com.mx\/index.php?rest_route=\/wp\/v2\/posts\/13167\/revisions\/13169"}],"wp:featuredmedia":[{"embeddable":true,"href":"https:\/\/zonaroja.com.mx\/index.php?rest_route=\/wp\/v2\/media\/13168"}],"wp:attachment":[{"href":"https:\/\/zonaroja.com.mx\/index.php?rest_route=%2Fwp%2Fv2%2Fmedia&parent=13167"}],"wp:term":[{"taxonomy":"category","embeddable":true,"href":"https:\/\/zonaroja.com.mx\/index.php?rest_route=%2Fwp%2Fv2%2Fcategories&post=13167"},{"taxonomy":"post_tag","embeddable":true,"href":"https:\/\/zonaroja.com.mx\/index.php?rest_route=%2Fwp%2Fv2%2Ftags&post=13167"}],"curies":[{"name":"wp","href":"https:\/\/api.w.org\/{rel}","templated":true}]}}