{"id":13172,"date":"2020-06-01T11:42:40","date_gmt":"2020-06-01T16:42:40","guid":{"rendered":"http:\/\/www.zonaroja.com.mx\/?p=13172"},"modified":"2020-06-01T11:42:46","modified_gmt":"2020-06-01T16:42:46","slug":"se-rebelan-policias-de-la-capital-de-oaxaca-y-exigen-renuncia-de-funcionarios","status":"publish","type":"post","link":"https:\/\/zonaroja.com.mx\/?p=13172","title":{"rendered":"Se rebelan polic\u00edas de la capital de Oaxaca y exigen renuncia de funcionarios"},"content":{"rendered":"\n<p>Evlin\nArag\u00f3n\/Zona Roja.<\/p>\n\n\n\n<p>Oaxaca de\nJu\u00e1rez, Oax., 1 de junio de 2020.- Un grupo de polic\u00edas de la capital de Oaxaca\nse rebel\u00f3 hoy ante la desatenci\u00f3n de las autoridades a los casos de muertes y\nenfermos por Covid-19, as\u00ed como la escasa dotaci\u00f3n de materiales de protecci\u00f3n.<\/p>\n\n\n\n<p>Asimismo,\npara demandar la salida de dos funcionarios, bloquearon la ma\u00f1ana de hoy el\nacceso al cuartel de la Polic\u00eda Municipal, en la calle de Morelos del Centro Hist\u00f3rico.<\/p>\n\n\n\n<p>\u201cTenemos\nuna autoridad inhumana y discriminatoria, ha violado nuestros derechos a la\nvida y la salud\u201d, acus\u00f3 Isidro Hern\u00e1ndez Cruz, elemento de la polic\u00eda municipal\nintegrante de la mesa de mejoras de la corporaci\u00f3n.<\/p>\n\n\n\n<p>Lo\nanterior en el marco de una nueva protesta que encabez\u00f3 un grupo de elementos\nde la polic\u00eda de Oaxaca de Ju\u00e1rez en la explanada de la Plaza de la Danza, en\nla que adem\u00e1s demandan la salida de sus mandos superiores Aquileo S\u00e1nchez y\nMarcos Fredy Hern\u00e1ndez, a quienes acusan de negligencia.<\/p>\n\n\n\n<p>De\nacuerdo con el grupo manifestantes, este fin de semana murieron otros dos\nelementos de la polic\u00eda municipal a consecuencia del Covid-19, sumando cuatro\nen total, raz\u00f3n por la que salieron de nueva cuenta a las calles y declararon\nun paro de labores hasta no conseguir el di\u00e1logo con el edil Oswaldo Garc\u00eda\nJarqu\u00edn y la destituci\u00f3n de los mandos actuales.<\/p>\n\n\n\n<p>\u201cLe pedimos al presidente municipal que recapacite, aqu\u00ed vamos a estar hasta que nos atienda, eso depende de \u00e9l, depende de la buena voluntad del edil. Todos tenemos familia y apego a su humanidad si es que la tiene para que no atienda\u201d, refiri\u00f3 Hern\u00e1ndez Cruz, acompa\u00f1ado de Petrona Guti\u00e9rrez.<\/p>\n\n\n\n<figure class=\"wp-block-embed-twitter wp-block-embed is-type-rich is-provider-twitter\"><div class=\"wp-block-embed__wrapper\">\n<div class=\"twitter-tweet\"><blockquote class=\"twitter-tweet\" data-lang=\"es\"><p lang=\"es\" dir=\"ltr\"><a href=\"https:\/\/twitter.com\/hashtag\/%C3%9AltimoMinuto?src=hash&amp;ref_src=twsrc%5Etfw\">#\u00daltimoMinuto<\/a> <br>Confirman fallecimiento de cuatro polic\u00edas por Covid-19 en Oaxaca de Ju\u00e1rez; bloquean calles de la capital para exigir atenci\u00f3n a enfermos y renuncia de funcionarios del <a href=\"https:\/\/twitter.com\/MunicipioOaxaca?ref_src=twsrc%5Etfw\">@MunicipioOaxaca<\/a>, Aquileo S\u00e1nchez y <a href=\"https:\/\/twitter.com\/MarcosFredy_HL?ref_src=twsrc%5Etfw\">@MarcosFredy_HL<\/a>, por omisiones y negligencias. <a href=\"https:\/\/t.co\/OpeFI51vvV\">pic.twitter.com\/OpeFI51vvV<\/a><\/p>&mdash; Zona Roja Oaxaca (@MexRoja) <a href=\"https:\/\/twitter.com\/MexRoja\/status\/1267467758440194048?ref_src=twsrc%5Etfw\">1 de junio de 2020<\/a><\/blockquote><\/div>\n<\/div><\/figure>\n\n\n\n<p>Y es que\nde acuerdo con los manifestantes, el n\u00famero de enfermos de coronavirus al\ninterior de la corporaci\u00f3n va en aumento, de acuerdo con cifras extraoficiales\nhay alrededor de 140 elementos en cuarentena y cuatro hospitalizados con\nafectaciones graves en su salud, situaci\u00f3n que ha sido tomada a la ligera por\nlas autoridades a la que acusan de negligente.<\/p>\n\n\n\n<p>Los\nelementos de la polic\u00eda han mantenido sus actividades sin las medidas de\nprotecci\u00f3n necesaria, ante la negativa de las autoridades de querer invertir\nrecurso en ello, sin ponerse a pensar que exponen la vida de los elementos\npolic\u00edacos y ponen en riesgo as\u00ed la seguridad p\u00fablica en la capital, ya de por\ns\u00ed mermada.<\/p>\n\n\n\n<p>\u201cLa baja\npresencia de elementos en las calles, debido al contagio, originar\u00e1 el aumento\nde la delincuencia que ya se puede ver en la capital de Oaxaca, por eso le\npedimos al presidente que, si no lo quiere hacer por nuestras vidas, lo haga\npara evitar una crisis de seguridad en la capital\u201d, dijo.<\/p>\n\n\n\n<p>Denunci\u00f3\nque lejos de recibir el apoyo prometido previamente, por medio de la asignaci\u00f3n\nbonos que no hay llegado a sus manos, las autoridades han suspendido permisos y\nvacaciones para el personal y no escuchan las demandas en las que se pide\natiendan la vida y seguridad del gremio.<\/p>\n\n\n\n<p>Por lo\nanterior exigieron el retiro inmediato de los filtros instalado en la Central\nde Abasto que argumentan ha sido el principal lugar de contagio para la\ncorporaci\u00f3n, que se les haga la prueba del Covid-19 a todo el personal, di\u00e1logo\ndirecto con el edil Oswaldo Garc\u00eda Jarqu\u00edn y el retiro inmediato de Aquileo\nS\u00e1nchez y Marcos Fredy Hern\u00e1ndez.<\/p>\n\n\n\n<p>&nbsp;\u201cQueremos funcionarios que sepan lo que es la\nseguridad p\u00fablica, a lo que se van a enfrentar a la cabeza de la corporaci\u00f3n.\nQueremos gente preparada en la carrera policial y calidad humana a quienes, si\nles interese nuestra vida\u201d, concluy\u00f3.<\/p>\n","protected":false},"excerpt":{"rendered":"<p>Evlin Arag\u00f3n\/Zona Roja. Oaxaca de Ju\u00e1rez, Oax., 1 de junio de 2020.- Un grupo de&hellip;<\/p>\n","protected":false},"author":2,"featured_media":13173,"comment_status":"closed","ping_status":"open","sticky":false,"template":"","format":"standard","meta":{"_lmt_disableupdate":"","_lmt_disable":"","_jetpack_memberships_contains_paid_content":false,"footnotes":""},"categories":[109,47],"tags":[148,115],"class_list":["post-13172","post","type-post","status-publish","format-standard","has-post-thumbnail","hentry","category-minuto-a-minuto","category-zona-gris","tag-oaxaca-de-juarez","tag-oswaldo-garcia-jarquin"],"jetpack_featured_media_url":"https:\/\/zonaroja.com.mx\/wp-content\/uploads\/2020\/06\/Protesta-Polic\u00eda-Municipal.jpg","jetpack_sharing_enabled":true,"_links":{"self":[{"href":"https:\/\/zonaroja.com.mx\/index.php?rest_route=\/wp\/v2\/posts\/13172","targetHints":{"allow":["GET"]}}],"collection":[{"href":"https:\/\/zonaroja.com.mx\/index.php?rest_route=\/wp\/v2\/posts"}],"about":[{"href":"https:\/\/zonaroja.com.mx\/index.php?rest_route=\/wp\/v2\/types\/post"}],"author":[{"embeddable":true,"href":"https:\/\/zonaroja.com.mx\/index.php?rest_route=\/wp\/v2\/users\/2"}],"replies":[{"embeddable":true,"href":"https:\/\/zonaroja.com.mx\/index.php?rest_route=%2Fwp%2Fv2%2Fcomments&post=13172"}],"version-history":[{"count":1,"href":"https:\/\/zonaroja.com.mx\/index.php?rest_route=\/wp\/v2\/posts\/13172\/revisions"}],"predecessor-version":[{"id":13174,"href":"https:\/\/zonaroja.com.mx\/index.php?rest_route=\/wp\/v2\/posts\/13172\/revisions\/13174"}],"wp:featuredmedia":[{"embeddable":true,"href":"https:\/\/zonaroja.com.mx\/index.php?rest_route=\/wp\/v2\/media\/13173"}],"wp:attachment":[{"href":"https:\/\/zonaroja.com.mx\/index.php?rest_route=%2Fwp%2Fv2%2Fmedia&parent=13172"}],"wp:term":[{"taxonomy":"category","embeddable":true,"href":"https:\/\/zonaroja.com.mx\/index.php?rest_route=%2Fwp%2Fv2%2Fcategories&post=13172"},{"taxonomy":"post_tag","embeddable":true,"href":"https:\/\/zonaroja.com.mx\/index.php?rest_route=%2Fwp%2Fv2%2Ftags&post=13172"}],"curies":[{"name":"wp","href":"https:\/\/api.w.org\/{rel}","templated":true}]}}