{"id":13176,"date":"2020-06-01T12:31:37","date_gmt":"2020-06-01T17:31:37","guid":{"rendered":"http:\/\/www.zonaroja.com.mx\/?p=13176"},"modified":"2020-06-01T12:31:41","modified_gmt":"2020-06-01T17:31:41","slug":"un-ano-impune-el-asesinato-de-medico-hijo-de-ex-lider-de-la-s-22","status":"publish","type":"post","link":"https:\/\/zonaroja.com.mx\/?p=13176","title":{"rendered":"Un a\u00f1o impune el asesinato de m\u00e9dico, hijo de ex l\u00edder de la S-22"},"content":{"rendered":"\n<p>Evlin\nArag\u00f3n\/Zona Roja.<\/p>\n\n\n\n<p>Oaxaca de\nJu\u00e1rez, Oax., 1 de junio de 2020.- El cuerpo sin vida de Miguel \u00c1ngel Mart\u00ednez\nCruz fue localizado el \u00faltimo d\u00eda de mayo del 2019 con varios disparos de\nproyectil y huellas de quemaduras, en inmediaciones de la localidad de\nGuelaguichi, perteneciente al municipio de Santo Domingo Tehuantepec; a un lado\nde \u00e9l se encontraba su veh\u00edculo completamente incinerado.<\/p>\n\n\n\n<p>Hace un a\u00f1o de los hechos y la familia del m\u00e9dico de profesi\u00f3n no ha obtenido respuesta por parte de las autoridades; de nada ha valido que su padre sea integrante y ex dirigente de la Secci\u00f3n 22 del Sindicato Nacional de Trabajadores de la Educaci\u00f3n (SNTE); la omisi\u00f3n y negligencia por parte de las autoridades de procuraci\u00f3n de justicia sigue latente.<\/p>\n\n\n\n<p>\u201cMiguel\n\u00c1ngel Mart\u00ednez Cruz fue asesinado el 31 de mayo del 2019. A un a\u00f1o de su muerte\nno hay ning\u00fan resultado para esclarecerlo\u201d cita un breve mensaje emitido por\nPedro Ignacio Mart\u00ednez Noriega y su esposa Alma Minerva Cruz Boh\u00f3rquez, padre y\nmadre del m\u00e9dico.<\/p>\n\n\n\n<p>En este\nsentido piden a la Fiscal\u00eda General del Estado de Oaxaca y a la Agencia Estatal\nde Investigaciones que cumplan con sus responsabilidades y puedan determinar el\nm\u00f3vil del asesinato y capturar a los responsables de los hechos.<\/p>\n\n\n\n<p>Con 43\na\u00f1os de edad, Miguel \u00c1ngel Mart\u00ednez Cruz se desempe\u00f1aba como m\u00e9dico\notorrinolaring\u00f3logo en el Hospital General con Especialidades de la Secretar\u00eda\nde Salud, el Hospital General de la Zona No. 2 del IMSS y la Cl\u00ednica de\nEspecialidades M\u00e9dicas \u201cSanta Cruz\u201d, todos ubicados en el municipio de Salina\nCruz.<\/p>\n\n\n\n<p>De\nacuerdo con sus familiares, el galeno estaba en su madurez personal y\nprofesional, y ten\u00eda una vida estaba entregada a su familia y al ejercicio\nprofesional; sin embargo, a finales del mes de mayo del 2019 fue reportado como\ndesaparecido y posteriormente encontrado sin vida, pese a que han transcurrido\n12 meses del tr\u00e1gico suceso, la justicia a\u00fan no llega.<\/p>\n\n\n\n<p>A finales\ndel 2019 la familia reproch\u00f3 el paso del tiempo sin obtener respuesta de las\nautoridades estatales, cuestionaron que la Fiscal\u00eda prolongue por tiempo\nindefinido la primera etapa del procedimiento, en la que se realiza la\ninvestigaci\u00f3n que en teor\u00eda tendr\u00eda que derivar en la captura y juicio a los\nresponsables de este asesinato.<\/p>\n\n\n\n<p>\u201cLa\nconfianza no puede ser indefinida, no existe plazo perentorio para la primera\netapa, pero no se puede prologar por tiempo indefinido, la confianza se puede\ntransformar en escepticismo\u201d, refirieron en un breve comunicado emitido.<\/p>\n\n\n\n<p>Mientras\nque las autoridades encargadas de la procuraci\u00f3n de justicia no han emitido\ninformaci\u00f3n con respecto del caso.<\/p>\n","protected":false},"excerpt":{"rendered":"<p>Evlin Arag\u00f3n\/Zona Roja. Oaxaca de Ju\u00e1rez, Oax., 1 de junio de 2020.- El cuerpo sin&hellip;<\/p>\n","protected":false},"author":2,"featured_media":7182,"comment_status":"closed","ping_status":"open","sticky":false,"template":"","format":"standard","meta":{"_lmt_disableupdate":"","_lmt_disable":"","_jetpack_memberships_contains_paid_content":false,"footnotes":""},"categories":[109,47],"tags":[1215,168],"class_list":["post-13176","post","type-post","status-publish","format-standard","has-post-thumbnail","hentry","category-minuto-a-minuto","category-zona-gris","tag-miguel-angel-martinez-cruz","tag-salina-cruz"],"jetpack_featured_media_url":"https:\/\/zonaroja.com.mx\/wp-content\/uploads\/2020\/01\/M\u00e9dico-Salina-Cruz-1.jpg","jetpack_sharing_enabled":true,"_links":{"self":[{"href":"https:\/\/zonaroja.com.mx\/index.php?rest_route=\/wp\/v2\/posts\/13176","targetHints":{"allow":["GET"]}}],"collection":[{"href":"https:\/\/zonaroja.com.mx\/index.php?rest_route=\/wp\/v2\/posts"}],"about":[{"href":"https:\/\/zonaroja.com.mx\/index.php?rest_route=\/wp\/v2\/types\/post"}],"author":[{"embeddable":true,"href":"https:\/\/zonaroja.com.mx\/index.php?rest_route=\/wp\/v2\/users\/2"}],"replies":[{"embeddable":true,"href":"https:\/\/zonaroja.com.mx\/index.php?rest_route=%2Fwp%2Fv2%2Fcomments&post=13176"}],"version-history":[{"count":1,"href":"https:\/\/zonaroja.com.mx\/index.php?rest_route=\/wp\/v2\/posts\/13176\/revisions"}],"predecessor-version":[{"id":13177,"href":"https:\/\/zonaroja.com.mx\/index.php?rest_route=\/wp\/v2\/posts\/13176\/revisions\/13177"}],"wp:featuredmedia":[{"embeddable":true,"href":"https:\/\/zonaroja.com.mx\/index.php?rest_route=\/wp\/v2\/media\/7182"}],"wp:attachment":[{"href":"https:\/\/zonaroja.com.mx\/index.php?rest_route=%2Fwp%2Fv2%2Fmedia&parent=13176"}],"wp:term":[{"taxonomy":"category","embeddable":true,"href":"https:\/\/zonaroja.com.mx\/index.php?rest_route=%2Fwp%2Fv2%2Fcategories&post=13176"},{"taxonomy":"post_tag","embeddable":true,"href":"https:\/\/zonaroja.com.mx\/index.php?rest_route=%2Fwp%2Fv2%2Ftags&post=13176"}],"curies":[{"name":"wp","href":"https:\/\/api.w.org\/{rel}","templated":true}]}}