{"id":13178,"date":"2020-06-01T13:58:11","date_gmt":"2020-06-01T18:58:11","guid":{"rendered":"http:\/\/www.zonaroja.com.mx\/?p=13178"},"modified":"2020-06-01T13:58:14","modified_gmt":"2020-06-01T18:58:14","slug":"protesta-por-caso-nochixtlan-sera-en-plataformas-digitales-este-ano","status":"publish","type":"post","link":"https:\/\/zonaroja.com.mx\/?p=13178","title":{"rendered":"Protesta por caso Nochixtl\u00e1n ser\u00e1 en plataformas digitales este a\u00f1o"},"content":{"rendered":"\n<p>Evlin\nArag\u00f3n\/Zona Roja.<\/p>\n\n\n\n<p>Oaxaca de\nJu\u00e1rez, Oax., 1 de junio de 2020.- Integrantes del Comit\u00e9 de V\u00edctimas \u201c19 de\nJunio\u201d y organizaciones sociales afines anunciaron una jornada de lucha virtual\nque se desarrollara del 14 al 19 de este mes, para conmemorar los cuatro a\u00f1os\ndel acto de represi\u00f3n que se registr\u00f3 en Asunci\u00f3n Nochixtl\u00e1n y quedo registrado\nen la historia del estado.<\/p>\n\n\n\n<p>As\u00ed lo\ndieron a conocer en conferencia de prensa en que indicaron que pese a las\ncondiciones que vive el mundo por la pandemia, Oaxaca no es la excepci\u00f3n, han\ndecidido apoyarse de las plataformas digitales para mantener la exigencia de\njusticia.<\/p>\n\n\n\n<p>\u201cNo\npodemos llegar al olvido de una masacre orquestada por el Gobierno del Estado\nal pueblo de Nochixtl\u00e1n y de todo Oaxaca, por eso anunciamos esta jornada de\nlucha en la que haremos uso de los medios digitales para demostrar que seguimos\nen espera de la justicia. Ni perd\u00f3n, ni olvido\u201d, refirieron ante los medios de\ncomunicaci\u00f3n.<\/p>\n\n\n\n<p>La\njornada que inicia el domingo 14 de junio, incluye foros virtuales con temas\ncomo la Asamblea Popular de los Pueblos de Oaxaca, el caso de Nochixtl\u00e1n, la\nsituaci\u00f3n econ\u00f3mica, social y educativa frente a la pandemia, las violaciones a\nlos derechos humanos en M\u00e9xico, entre otros, que ser\u00e1n transmitidas desde la\nplataforma digital del Comit\u00e9 de V\u00edctimas.<\/p>\n\n\n\n<p>De\nacuerdo con las organizaciones afines incluidas en las actividades, la\nmanifestaci\u00f3n de ideas permanece a pesar de la pandemia, encontrando en las\nplataformas digitales una opci\u00f3n para mantener la protesta social que no va a\nterminar hasta que las clases oprimidas dejen de estarlo.<\/p>\n\n\n\n<p>\u201cSeguimos\nexigiendo que haya justicia para las v\u00edctimas y castigo a los responsables de\nlos hechos. Libertad de nuestros presos pol\u00edticos y una mejor vida para el pueblo\u201d,\nrefirieron en la conferencia.<\/p>\n\n\n\n<p>As\u00ed mimo\naprovecharon para criticar la protesta que desde el privilegio de clase\nencabezaron este domingo grupos en evidente oposici\u00f3n al Presidente de la\nRep\u00fablica, Andr\u00e9s Manuel L\u00f3pez Obrador, siendo que son sus prebendas las que\nmantienen el alto grado de desigualdad en la poblaci\u00f3n mexicana.<\/p>\n\n\n\n<p>\u201cLas\ncalles son nuestras y no permitiremos que la derecha se aproveche de ella, La\nlucha va a permanecer hasta que haya justicia y paz en Oaxaca, vamos a regresar\ny con m\u00e1s fuerza\u201d, indicaron.<\/p>\n\n\n\n<p>Finalmente,\nexpresaron que la pandemia ha paralizado a\u00fan m\u00e1s las mesas de trabajo para\nencontrar justicia.&nbsp; \u201cNos quedamos en el\nllamado a comparecencia de Gabino Cu\u00e9 por parte de la Fiscal\u00eda General de la\nRep\u00fablica, no hay m\u00e1s. Todo se par\u00f3 debido a la pandemia\u201d, lamentaron.<\/p>\n","protected":false},"excerpt":{"rendered":"<p>Evlin Arag\u00f3n\/Zona Roja. Oaxaca de Ju\u00e1rez, Oax., 1 de junio de 2020.- Integrantes del Comit\u00e9&hellip;<\/p>\n","protected":false},"author":2,"featured_media":13179,"comment_status":"closed","ping_status":"open","sticky":false,"template":"","format":"standard","meta":{"_lmt_disableupdate":"","_lmt_disable":"","_jetpack_memberships_contains_paid_content":false,"footnotes":""},"categories":[109,47],"tags":[249],"class_list":["post-13178","post","type-post","status-publish","format-standard","has-post-thumbnail","hentry","category-minuto-a-minuto","category-zona-gris","tag-comite-de-victimas-nochixtlan"],"jetpack_featured_media_url":"https:\/\/zonaroja.com.mx\/wp-content\/uploads\/2020\/06\/Conferencia-caso-Nochixtl\u00e1n.jpg","jetpack_sharing_enabled":true,"_links":{"self":[{"href":"https:\/\/zonaroja.com.mx\/index.php?rest_route=\/wp\/v2\/posts\/13178","targetHints":{"allow":["GET"]}}],"collection":[{"href":"https:\/\/zonaroja.com.mx\/index.php?rest_route=\/wp\/v2\/posts"}],"about":[{"href":"https:\/\/zonaroja.com.mx\/index.php?rest_route=\/wp\/v2\/types\/post"}],"author":[{"embeddable":true,"href":"https:\/\/zonaroja.com.mx\/index.php?rest_route=\/wp\/v2\/users\/2"}],"replies":[{"embeddable":true,"href":"https:\/\/zonaroja.com.mx\/index.php?rest_route=%2Fwp%2Fv2%2Fcomments&post=13178"}],"version-history":[{"count":1,"href":"https:\/\/zonaroja.com.mx\/index.php?rest_route=\/wp\/v2\/posts\/13178\/revisions"}],"predecessor-version":[{"id":13180,"href":"https:\/\/zonaroja.com.mx\/index.php?rest_route=\/wp\/v2\/posts\/13178\/revisions\/13180"}],"wp:featuredmedia":[{"embeddable":true,"href":"https:\/\/zonaroja.com.mx\/index.php?rest_route=\/wp\/v2\/media\/13179"}],"wp:attachment":[{"href":"https:\/\/zonaroja.com.mx\/index.php?rest_route=%2Fwp%2Fv2%2Fmedia&parent=13178"}],"wp:term":[{"taxonomy":"category","embeddable":true,"href":"https:\/\/zonaroja.com.mx\/index.php?rest_route=%2Fwp%2Fv2%2Fcategories&post=13178"},{"taxonomy":"post_tag","embeddable":true,"href":"https:\/\/zonaroja.com.mx\/index.php?rest_route=%2Fwp%2Fv2%2Ftags&post=13178"}],"curies":[{"name":"wp","href":"https:\/\/api.w.org\/{rel}","templated":true}]}}