{"id":13181,"date":"2020-06-01T14:15:15","date_gmt":"2020-06-01T19:15:15","guid":{"rendered":"http:\/\/www.zonaroja.com.mx\/?p=13181"},"modified":"2020-06-01T14:15:19","modified_gmt":"2020-06-01T19:15:19","slug":"pide-diputada-a-municipios-coadyuvar-en-seguridad-de-servidores-de-la-nacion","status":"publish","type":"post","link":"https:\/\/zonaroja.com.mx\/?p=13181","title":{"rendered":"Pide diputada a municipios coadyuvar en seguridad de \u201cServidores de la Naci\u00f3n\u201d"},"content":{"rendered":"\n<p>Redacci\u00f3n\/Zona\nRoja.<\/p>\n\n\n\n<p>Oaxaca de Ju\u00e1rez, Oax., 1 de junio de 2020.- Ante los recientes hechos de violencia , la diputada Magaly L\u00f3pez propuso un exhorto a las autoridades municipales de Oaxaca, a fin de que coadyuven con el bienestar de sus habitantes, proporcionando todas las medidas de seguridad a los \u201cServidores de la Naci\u00f3n\u201d que acudan a sus municipios a desarrollar su trabajo.<\/p>\n\n\n\n<p>La\nlegisladora plante\u00f3 que \u00e9stos han sido v\u00edctimas, de manera reiterada, de\npersonas a las que las nuevas pol\u00edticas sociales les han dejado sin posibilidad\nde lucrar con el hambre del pueblo. \u201cLos caciques de toda la vida, que han\nperdido poder porque ya no pasa por sus manos la decisi\u00f3n de quienes reciben\nlos beneficios de los programas sociales\u201d.<\/p>\n\n\n\n<p>Magaly L\u00f3pez dej\u00f3 claro que la lucha contra la desigualdad y a favor del bienestar es una responsabilidad compartida entre todas las autoridades, por lo que consider\u00f3 pertinente hacer un exhorto para cuidar la seguridad y la vida de los \u201cServidores de la Naci\u00f3n\u201d.<\/p>\n\n\n\n<p>Indic\u00f3\nque las autoridades municipales necesariamente saben cu\u00e1ndo estos servidores est\u00e1n\nen sus municipios, y conocen tambi\u00e9n cu\u00e1les son los riesgos a los que pueden\nenfrentarse en los territorios que gobiernan.<\/p>\n\n\n\n<p>Detall\u00f3\nel caso de Rubel Salinas V\u00e1squez, subdelegado regional de los Programas\nIntegrales del Gobierno Federal en la Costa, quien en d\u00edas pasados fue\nsustra\u00eddo con lujo de violencia mientras sosten\u00eda una reuni\u00f3n y fue subido a\nuna camioneta negra, en la cual fue trasladado con rumbo desconocido.<\/p>\n\n\n\n<p>Horas mas\ntarde, el subdelegado fue dejado sobre la carretera costera de Puerto\nEscondido. Despu\u00e9s de ello, mediante un operativo la Guardia Nacional aperson\u00f3\nal funcionario federal y se encarg\u00f3 de su seguridad hasta ser trasladado a la\nciudad de Oaxaca.<\/p>\n\n\n\n<p>Finalmente,\nla diputada dijo que este hecho lleva a reflexionar acerca de la vulnerabilidad\nen la que desarrollan sus labores ciertos funcionarios federales que se\nencargan del trabajo a ras de suelo, en especial los \u201cServidores de la Naci\u00f3n\u201d,\neste ej\u00e9rcito de hombres y mujeres que promueven el bienestar y el desarrollo,\nque levantaron el censo de quienes deben ser beneficiados por los programas\nsociales del gobierno de M\u00e9xico.<\/p>\n","protected":false},"excerpt":{"rendered":"<p>Redacci\u00f3n\/Zona Roja. Oaxaca de Ju\u00e1rez, Oax., 1 de junio de 2020.- Ante los recientes hechos&hellip;<\/p>\n","protected":false},"author":2,"featured_media":13182,"comment_status":"closed","ping_status":"open","sticky":false,"template":"","format":"standard","meta":{"_lmt_disableupdate":"","_lmt_disable":"","_jetpack_memberships_contains_paid_content":false,"footnotes":""},"categories":[1],"tags":[],"class_list":["post-13181","post","type-post","status-publish","format-standard","has-post-thumbnail","hentry","category-sin-categoria"],"jetpack_featured_media_url":"https:\/\/zonaroja.com.mx\/wp-content\/uploads\/2020\/06\/Magaly-L\u00f3pez-D.jpeg","jetpack_sharing_enabled":true,"_links":{"self":[{"href":"https:\/\/zonaroja.com.mx\/index.php?rest_route=\/wp\/v2\/posts\/13181","targetHints":{"allow":["GET"]}}],"collection":[{"href":"https:\/\/zonaroja.com.mx\/index.php?rest_route=\/wp\/v2\/posts"}],"about":[{"href":"https:\/\/zonaroja.com.mx\/index.php?rest_route=\/wp\/v2\/types\/post"}],"author":[{"embeddable":true,"href":"https:\/\/zonaroja.com.mx\/index.php?rest_route=\/wp\/v2\/users\/2"}],"replies":[{"embeddable":true,"href":"https:\/\/zonaroja.com.mx\/index.php?rest_route=%2Fwp%2Fv2%2Fcomments&post=13181"}],"version-history":[{"count":1,"href":"https:\/\/zonaroja.com.mx\/index.php?rest_route=\/wp\/v2\/posts\/13181\/revisions"}],"predecessor-version":[{"id":13183,"href":"https:\/\/zonaroja.com.mx\/index.php?rest_route=\/wp\/v2\/posts\/13181\/revisions\/13183"}],"wp:featuredmedia":[{"embeddable":true,"href":"https:\/\/zonaroja.com.mx\/index.php?rest_route=\/wp\/v2\/media\/13182"}],"wp:attachment":[{"href":"https:\/\/zonaroja.com.mx\/index.php?rest_route=%2Fwp%2Fv2%2Fmedia&parent=13181"}],"wp:term":[{"taxonomy":"category","embeddable":true,"href":"https:\/\/zonaroja.com.mx\/index.php?rest_route=%2Fwp%2Fv2%2Fcategories&post=13181"},{"taxonomy":"post_tag","embeddable":true,"href":"https:\/\/zonaroja.com.mx\/index.php?rest_route=%2Fwp%2Fv2%2Ftags&post=13181"}],"curies":[{"name":"wp","href":"https:\/\/api.w.org\/{rel}","templated":true}]}}