{"id":13184,"date":"2020-06-01T15:13:25","date_gmt":"2020-06-01T20:13:25","guid":{"rendered":"http:\/\/www.zonaroja.com.mx\/?p=13184"},"modified":"2020-06-01T15:13:28","modified_gmt":"2020-06-01T20:13:28","slug":"con-espectacular-denuncian-impunidad-en-crimen-de-fotoperiodista-de-oaxaca","status":"publish","type":"post","link":"https:\/\/zonaroja.com.mx\/?p=13184","title":{"rendered":"Con espectacular denuncian impunidad en crimen de fotoperiodista de Oaxaca"},"content":{"rendered":"\n<p>Redacci\u00f3n\/Zona\nRoja.<\/p>\n\n\n\n<p>Oaxaca de\nJu\u00e1rez, Oaxaca, a 1 de junio 2020.- Con la colocaci\u00f3n de un espectacular en la\ncarretera al cerro del Fort\u00edn de la ciudad de Oaxaca, familiares y activistas denuncian\nimpunidad, a dos a\u00f1os del crimen de la fotoperiodista Mar\u00eda del Sol Cruz\nJarqu\u00edn.<\/p>\n\n\n\n<p>Asimismo,\na trav\u00e9s de algunas radiodifusoras y en redes sociales difundir\u00e1n un mensaje\ngrabado, que incluye la voz de la madre de la v\u00edctima, la periodista Soledad\nJarqu\u00edn Edgar, en que exigen justicia.<\/p>\n\n\n\n<p>Fue el pasado\n20 de mayo en que arranc\u00f3 a trav\u00e9s de redes sociales, la campa\u00f1a \u201cHasta que la\nJusticia Llegue\u201d. <\/p>\n\n\n\n<p>\u201cDicha\ncampa\u00f1a evidencia la falta de acceso a la justicia y el patr\u00f3n de impunidad y\ncomplicidad en el actuar de las autoridades responsables de investigar el\nemblem\u00e1tico feminicidio de Mar\u00eda del Sol Cruz Jarqu\u00edn, asesinada el pasado 2 de\njunio 2018, en Juchit\u00e1n de Zaragoza, Oaxaca\u201d, exponen en un comunicado.<\/p>\n\n\n\n<p>En el espectacular\ndenuncian tambi\u00e9n la falta de avances en el proceso penal por parte de la\nFiscal\u00eda General del Estado de Oaxaca, a cargo de Rub\u00e9n Vasconcelos M\u00e9ndez, a\ndos a\u00f1os del feminicidio. <\/p>\n","protected":false},"excerpt":{"rendered":"<p>Redacci\u00f3n\/Zona Roja. Oaxaca de Ju\u00e1rez, Oaxaca, a 1 de junio 2020.- Con la colocaci\u00f3n de&hellip;<\/p>\n","protected":false},"author":2,"featured_media":13185,"comment_status":"closed","ping_status":"open","sticky":false,"template":"","format":"standard","meta":{"_lmt_disableupdate":"","_lmt_disable":"","_jetpack_memberships_contains_paid_content":false,"footnotes":""},"categories":[109,47],"tags":[1059],"class_list":["post-13184","post","type-post","status-publish","format-standard","has-post-thumbnail","hentry","category-minuto-a-minuto","category-zona-gris","tag-maria-del-sol-cruz-jarquin"],"jetpack_featured_media_url":"https:\/\/zonaroja.com.mx\/wp-content\/uploads\/2020\/06\/Espectacular-Justicia-para-Sol.jpg","jetpack_sharing_enabled":true,"_links":{"self":[{"href":"https:\/\/zonaroja.com.mx\/index.php?rest_route=\/wp\/v2\/posts\/13184","targetHints":{"allow":["GET"]}}],"collection":[{"href":"https:\/\/zonaroja.com.mx\/index.php?rest_route=\/wp\/v2\/posts"}],"about":[{"href":"https:\/\/zonaroja.com.mx\/index.php?rest_route=\/wp\/v2\/types\/post"}],"author":[{"embeddable":true,"href":"https:\/\/zonaroja.com.mx\/index.php?rest_route=\/wp\/v2\/users\/2"}],"replies":[{"embeddable":true,"href":"https:\/\/zonaroja.com.mx\/index.php?rest_route=%2Fwp%2Fv2%2Fcomments&post=13184"}],"version-history":[{"count":1,"href":"https:\/\/zonaroja.com.mx\/index.php?rest_route=\/wp\/v2\/posts\/13184\/revisions"}],"predecessor-version":[{"id":13186,"href":"https:\/\/zonaroja.com.mx\/index.php?rest_route=\/wp\/v2\/posts\/13184\/revisions\/13186"}],"wp:featuredmedia":[{"embeddable":true,"href":"https:\/\/zonaroja.com.mx\/index.php?rest_route=\/wp\/v2\/media\/13185"}],"wp:attachment":[{"href":"https:\/\/zonaroja.com.mx\/index.php?rest_route=%2Fwp%2Fv2%2Fmedia&parent=13184"}],"wp:term":[{"taxonomy":"category","embeddable":true,"href":"https:\/\/zonaroja.com.mx\/index.php?rest_route=%2Fwp%2Fv2%2Fcategories&post=13184"},{"taxonomy":"post_tag","embeddable":true,"href":"https:\/\/zonaroja.com.mx\/index.php?rest_route=%2Fwp%2Fv2%2Ftags&post=13184"}],"curies":[{"name":"wp","href":"https:\/\/api.w.org\/{rel}","templated":true}]}}