{"id":13189,"date":"2020-06-01T18:46:44","date_gmt":"2020-06-01T23:46:44","guid":{"rendered":"http:\/\/www.zonaroja.com.mx\/?p=13189"},"modified":"2020-06-01T18:46:47","modified_gmt":"2020-06-01T23:46:47","slug":"la-region-de-la-cuenca-con-el-57-de-su-territorio-con-covid-19","status":"publish","type":"post","link":"https:\/\/zonaroja.com.mx\/?p=13189","title":{"rendered":"La regi\u00f3n de la Cuenca, con el 57% de su territorio con Covid-19"},"content":{"rendered":"\n<p>Yuridiana\nSosa\/Zona Roja.<\/p>\n\n\n\n<p>San Juan\nBautista Tuxtepec, Oax.- 1 de junio de 2020.-&nbsp;\nLa regi\u00f3n norte del estado de Oaxaca se ha posicionado como la primera\nzona la entidad con m\u00e1s muertes, respecto al n\u00famero de casos confirmados de\nCovid-19, con una extensi\u00f3n de casos en el 57 por ciento de sus municipios.<\/p>\n\n\n\n<p>La\nCuenca, marcada como la Jurisdicci\u00f3n Sanitaria n\u00famero 3 de los Servicio de\nSalud de Oaxaca, cuenta con 11 de 19 municipios con casos conformados de\ncoronavirus, los cuales se han extendido de forma acelerada en las \u00faltimas\nsemanas de mayo, alcanzando un total de 148 casos confirmados.<\/p>\n\n\n\n<p>Los casos\npara esta zona comenzaron a contabilizarse a finales del mes de marzo con un\npaciente de residencia en Loma Bonita, pero con hospitalizaci\u00f3n en Ciudad de\nM\u00e9xico, lo que gener\u00f3 confianza en la poblaci\u00f3n para aligerar medidas. <\/p>\n\n\n\n<p>Fue en\nlos primeros d\u00edas de abril que de forma presencial se registr\u00f3 el primer\npaciente en la regi\u00f3n, en el municipio de San Miguel Soyaltepec.<\/p>\n\n\n\n<p>A partir\nde esa fecha, se sumaron los municipios de San Jos\u00e9 Chiltepec y San Juan\nBautista Tuxtepec, que ha mantenido la cifra de letalidad m\u00e1s elevada en la\nregi\u00f3n, con el mayor porcentaje de defunciones, 21 de las 26 registradas hasta\neste 31 de mayo en la regi\u00f3n y 122 de los 148 casos confirmados acumulados.<\/p>\n\n\n\n<p>Posteriormente,\ncon casos locales se registr\u00f3 Loma Bonita, adem\u00e1s, se sumaron con un caso,\nSanta Mar\u00eda Jacatepec, San Lucas Ojitl\u00e1n, San Felipe Jalapa de D\u00edaz, San Pedro\nIxcatl\u00e1n, Acatl\u00e1n de P\u00e9rez Figueroa, San Felipe Usila y de golpe dos en Valle\nNacional, en donde la cifra va en aumento.<\/p>\n\n\n\n<p>La libra\nAyotzintepec, en la zona colindante con la Sierra Norte y Cosolapa, colindante\ncon el estado de Veracruz. Tambi\u00e9n, San Jos\u00e9 Independencia y del distrito de la\nChoapam, de la misma Jurisdicci\u00f3n Sanitaria, San Juan Comaltepec, San Juan\nLalana, San Juan Petlapa, Santiago Jocotepec y Santiago Yaveo. <\/p>\n\n\n\n<p>SERVICIOS\nLIMITADOS <\/p>\n\n\n\n<p>En esta\nJurisdicci\u00f3n Sanitaria, el \u00fanico hospital p\u00fablico para pacientes Covid-19 se\nlocaliza en San Juan Baustista Tuxtepec y el lunes pasado los Servicios de\nSalud de Oaxaca lo declararon con capacidad al 100 por ciento. <\/p>\n\n\n\n<p>Por esta\nsituaci\u00f3n la direcci\u00f3n del Hospital General de la regi\u00f3n anunci\u00f3 una extensi\u00f3n\npara la zona Covid por el incremento de casos, pero no ofreci\u00f3 fecha de su\ndisponibilidad.<\/p>\n","protected":false},"excerpt":{"rendered":"<p>Yuridiana Sosa\/Zona Roja. San Juan Bautista Tuxtepec, Oax.- 1 de junio de 2020.-&nbsp; La regi\u00f3n&hellip;<\/p>\n","protected":false},"author":2,"featured_media":13190,"comment_status":"closed","ping_status":"open","sticky":false,"template":"","format":"standard","meta":{"_lmt_disableupdate":"","_lmt_disable":"","_jetpack_memberships_contains_paid_content":false,"footnotes":""},"categories":[109,47],"tags":[1512],"class_list":["post-13189","post","type-post","status-publish","format-standard","has-post-thumbnail","hentry","category-minuto-a-minuto","category-zona-gris","tag-coronavirus-oaxaca"],"jetpack_featured_media_url":"https:\/\/zonaroja.com.mx\/wp-content\/uploads\/2020\/06\/Sanitizaci\u00f3n-coronavirus.jpg","jetpack_sharing_enabled":true,"_links":{"self":[{"href":"https:\/\/zonaroja.com.mx\/index.php?rest_route=\/wp\/v2\/posts\/13189","targetHints":{"allow":["GET"]}}],"collection":[{"href":"https:\/\/zonaroja.com.mx\/index.php?rest_route=\/wp\/v2\/posts"}],"about":[{"href":"https:\/\/zonaroja.com.mx\/index.php?rest_route=\/wp\/v2\/types\/post"}],"author":[{"embeddable":true,"href":"https:\/\/zonaroja.com.mx\/index.php?rest_route=\/wp\/v2\/users\/2"}],"replies":[{"embeddable":true,"href":"https:\/\/zonaroja.com.mx\/index.php?rest_route=%2Fwp%2Fv2%2Fcomments&post=13189"}],"version-history":[{"count":1,"href":"https:\/\/zonaroja.com.mx\/index.php?rest_route=\/wp\/v2\/posts\/13189\/revisions"}],"predecessor-version":[{"id":13191,"href":"https:\/\/zonaroja.com.mx\/index.php?rest_route=\/wp\/v2\/posts\/13189\/revisions\/13191"}],"wp:featuredmedia":[{"embeddable":true,"href":"https:\/\/zonaroja.com.mx\/index.php?rest_route=\/wp\/v2\/media\/13190"}],"wp:attachment":[{"href":"https:\/\/zonaroja.com.mx\/index.php?rest_route=%2Fwp%2Fv2%2Fmedia&parent=13189"}],"wp:term":[{"taxonomy":"category","embeddable":true,"href":"https:\/\/zonaroja.com.mx\/index.php?rest_route=%2Fwp%2Fv2%2Fcategories&post=13189"},{"taxonomy":"post_tag","embeddable":true,"href":"https:\/\/zonaroja.com.mx\/index.php?rest_route=%2Fwp%2Fv2%2Ftags&post=13189"}],"curies":[{"name":"wp","href":"https:\/\/api.w.org\/{rel}","templated":true}]}}