{"id":13192,"date":"2020-06-01T19:01:30","date_gmt":"2020-06-02T00:01:30","guid":{"rendered":"http:\/\/www.zonaroja.com.mx\/?p=13192"},"modified":"2020-06-01T19:01:31","modified_gmt":"2020-06-02T00:01:31","slug":"proponen-periodismo-incluyente-para-enfrentar-retos-de-pandemia","status":"publish","type":"post","link":"https:\/\/zonaroja.com.mx\/?p=13192","title":{"rendered":"Proponen periodismo incluyente para enfrentar retos de pandemia"},"content":{"rendered":"\n<p>Redacci\u00f3n\/Zona\nRoja.<\/p>\n\n\n\n<p>Oaxaca de\nJu\u00e1rez, Oax., 1 de junio de 2020.- \u201cEn este tiempo necesitamos nuevas\ngeneraciones de periodistas, con la capacidad de mirar lo que a veces no vemos\ntodos y todas, tenemos grandes retos para enfrentar la pandemia y hacer\nperiodismo m\u00e1s incluyente\u201d.<\/p>\n\n\n\n<p>Estas\nfueron las palabras con las que inici\u00f3 su participaci\u00f3n la periodista Soledad\nJarqu\u00edn Edgar, presidenta del Jurado del Premio Nacional de Periodismo (PNP)\n2019, representante de la Universidad Aut\u00f3noma \u201cBenito Ju\u00e1rez\u201d de Oaxaca.<\/p>\n\n\n\n<p>Lo\nanterior en la serie de charlas y debates denominada \u201cViernes de periodistas en\nl\u00ednea\u201d, que organiza el Consejo Ciudadano del Premio Nacional de Periodismo\n(CCPNP), donde se abordar\u00e1n temas relacionados con los retos y oportunidades\ndel periodismo ante la crisis sanitaria.<\/p>\n\n\n\n<p>En esta\nocasi\u00f3n, Soledad Jarqu\u00edn habl\u00f3 de \u201cEl periodismo de g\u00e9nero, la otra mirada\nfrente a la pandemia\u201d, donde afirm\u00f3 que en esta etapa de contingencia es\nnecesario abrir el campo de acci\u00f3n, sobre los planteamientos que las mujeres ya\nven\u00edan planteando desde hace tiempo.<\/p>\n\n\n\n<p>\u201cApenas\nel 8 de marzo hubo una manifestaci\u00f3n hist\u00f3rica en la Ciudad de M\u00e9xico por el\nn\u00famero de mujeres que fueron a protestar como consecuencia de la violencia,\npero la manifestaci\u00f3n se dio en todo el pa\u00eds, en todas las grandes ciudades y\nmunicipios\u201d, se\u00f1al\u00f3.<\/p>\n\n\n\n<p>Agreg\u00f3\nque con el confinamiento ha incrementado la violencia, \u201cse est\u00e1 mostrando\ndentro de los hogares y esto lo hab\u00edan advertido otras mujeres en pa\u00edses como\nItalia, Francia o Espa\u00f1a, donde ya han tomado medidas, no hay un solo pa\u00eds que\nse salve de esta situaci\u00f3n\u201d, sostuvo.<\/p>\n\n\n\n<p>La\npresidenta del jurado dijo que aparte del maltrato f\u00edsico o psicol\u00f3gico, hay un\nincremento de labores para la poblaci\u00f3n femenina, \u201cadem\u00e1s de cuidar la casa se\nvolvieron maestras y muchas de ellas que son profesionistas que no cuentan con\nun espacio propio en casa para trabajar\u201d.<\/p>\n\n\n\n<p>Aunado a\nello, est\u00e1 lo que se conoce como \u201cpandemia sombra\u201d, forma en que se denomin\u00f3 al\nfeminicidio en M\u00e9xico, que no ha dejado de presentarse cada d\u00eda.<\/p>\n\n\n\n<p>Por lo\nque hizo un llamado, a realizar periodismo humano, social e incluyente, a\npresentar la historias sin amarillismo, sin rasgos sexistas y sin llevarlas a\nla revictimizaci\u00f3n y no perder de vista la violencia en sus distintas\nmanifestaciones.<\/p>\n\n\n\n<p>El CCPNP\ninici\u00f3 el pasado viernes 29 este segmento en su p\u00e1gina oficial de Facebook, el\ncual cont\u00f3 tambi\u00e9n con la participaci\u00f3n de Jorge Sadi Dur\u00f3n, de la Universidad\nAut\u00f3noma de Sinaloa, y de Miguel \u00c1ngel Barrag\u00e1n Villareal, de la Universidad\nVeracruzana, quienes hablaron sobre los cuidados sanitarios para periodistas\ndurante la pandemia y la especializaci\u00f3n en temas cient\u00edficos, respectivamente.<\/p>\n","protected":false},"excerpt":{"rendered":"<p>Redacci\u00f3n\/Zona Roja. Oaxaca de Ju\u00e1rez, Oax., 1 de junio de 2020.- \u201cEn este tiempo necesitamos&hellip;<\/p>\n","protected":false},"author":2,"featured_media":13193,"comment_status":"closed","ping_status":"open","sticky":false,"template":"","format":"standard","meta":{"_lmt_disableupdate":"","_lmt_disable":"","_jetpack_memberships_contains_paid_content":false,"footnotes":""},"categories":[109,46],"tags":[1729,1105],"class_list":["post-13192","post","type-post","status-publish","format-standard","has-post-thumbnail","hentry","category-minuto-a-minuto","category-zona-blanca","tag-premio-nacional-de-periodismo-ciudadano","tag-soledad-jarquin-edgar"],"jetpack_featured_media_url":"https:\/\/zonaroja.com.mx\/wp-content\/uploads\/2020\/06\/13.jpg","jetpack_sharing_enabled":true,"_links":{"self":[{"href":"https:\/\/zonaroja.com.mx\/index.php?rest_route=\/wp\/v2\/posts\/13192","targetHints":{"allow":["GET"]}}],"collection":[{"href":"https:\/\/zonaroja.com.mx\/index.php?rest_route=\/wp\/v2\/posts"}],"about":[{"href":"https:\/\/zonaroja.com.mx\/index.php?rest_route=\/wp\/v2\/types\/post"}],"author":[{"embeddable":true,"href":"https:\/\/zonaroja.com.mx\/index.php?rest_route=\/wp\/v2\/users\/2"}],"replies":[{"embeddable":true,"href":"https:\/\/zonaroja.com.mx\/index.php?rest_route=%2Fwp%2Fv2%2Fcomments&post=13192"}],"version-history":[{"count":1,"href":"https:\/\/zonaroja.com.mx\/index.php?rest_route=\/wp\/v2\/posts\/13192\/revisions"}],"predecessor-version":[{"id":13194,"href":"https:\/\/zonaroja.com.mx\/index.php?rest_route=\/wp\/v2\/posts\/13192\/revisions\/13194"}],"wp:featuredmedia":[{"embeddable":true,"href":"https:\/\/zonaroja.com.mx\/index.php?rest_route=\/wp\/v2\/media\/13193"}],"wp:attachment":[{"href":"https:\/\/zonaroja.com.mx\/index.php?rest_route=%2Fwp%2Fv2%2Fmedia&parent=13192"}],"wp:term":[{"taxonomy":"category","embeddable":true,"href":"https:\/\/zonaroja.com.mx\/index.php?rest_route=%2Fwp%2Fv2%2Fcategories&post=13192"},{"taxonomy":"post_tag","embeddable":true,"href":"https:\/\/zonaroja.com.mx\/index.php?rest_route=%2Fwp%2Fv2%2Ftags&post=13192"}],"curies":[{"name":"wp","href":"https:\/\/api.w.org\/{rel}","templated":true}]}}