{"id":13195,"date":"2020-06-01T21:38:41","date_gmt":"2020-06-02T02:38:41","guid":{"rendered":"http:\/\/www.zonaroja.com.mx\/?p=13195"},"modified":"2020-06-01T21:38:46","modified_gmt":"2020-06-02T02:38:46","slug":"cimbran-crimenes-disturbios-asaltos-y-ejecuciones-el-istmo-y-la-cuenca","status":"publish","type":"post","link":"https:\/\/zonaroja.com.mx\/?p=13195","title":{"rendered":"Cimbran cr\u00edmenes, disturbios, asaltos y ejecuciones el Istmo y la Cuenca"},"content":{"rendered":"\n<p>Ismael\nGarc\u00eda M.\/Zona Roja.<\/p>\n\n\n\n<p>Oaxaca de\nJu\u00e1rez, Oax., 1 de junio de 2020.- Tres ejecutados a balazos; asaltos a centros\ncomerciales; muerte de un menor por ataques de un perro de raza y disturbios\npor la detenci\u00f3n del hijo de una funcionaria, son parte de la ola violenta que\nregistr\u00f3 el fin de semana las regiones Istmo y Cuenca, as\u00ed como la zona del\nBajo Mixe.<\/p>\n\n\n\n<p>Anoche,\nelementos policiacos detuvieron a Juan Manuel B. T., hijo de la regidora de\nGobernaci\u00f3n de Juchit\u00e1n de Zaragoza, Rosa Ter\u00e1n Vel\u00e1squez, lo que desat\u00f3 la ira\nde mototaxistas y un grupo de pobladores.<\/p>\n\n\n\n<p>Con\nviolencia acudieron en horas de la madrugada a los separos municipales y a\notras sedes policiacas y ministeriales, as\u00ed como a la casa del edil Emilio\nMontero P\u00e9rez, para exigir la liberaci\u00f3n del individuo; finalmente, fue\nconsignado al Ministerio P\u00fablico federal.<\/p>\n\n\n\n<p>Ayer por\nla ma\u00f1ana, apareci\u00f3 el cuerpo de una persona del sexo masculino, en un terreno\ncamino a la comunidad de San Luis Rey, Santo Domingo Tehuantepec; presentaba\ndisparos de arma de fuego en el cuerpo y fue identificado como Marco Aurelio\nJarqu\u00edn, de 22 a\u00f1os de edad. <\/p>\n\n\n\n<p>Presuntamente\nhabr\u00eda sido asesinado pues era el propietario de un perro de raza Pitbull, que\nel s\u00e1bado por la tarde-noche hab\u00eda atacado a un menor de cuatro a\u00f1os de edad,\ntambi\u00e9n de la comunidad de San Luis Rey.<\/p>\n\n\n\n<p>El\npeque\u00f1o fue llevado a una cl\u00ednica particular, pero no sobrevivi\u00f3 debido a la\ngravedad de las heridas.<\/p>\n\n\n\n<p>Mientras\ntanto, la Vicefiscal\u00eda Regional del Istmo confirm\u00f3 que fueron dos las personas\nabatidas a balazos ayer por la madrugada en la comunidad de San Felipe\nZihualtepec, del municipio de San Juan Cotzoc\u00f3n Mixe, colindante con la zona\nistme\u00f1a.<\/p>\n\n\n\n<p>De manera\npreliminar se inform\u00f3 que elementos de la Agencia Estatal de Investigaciones y\nde la Fuerza Especial de Reacci\u00f3n Inmediata hab\u00edan acudido a cumplir una orden\nde aprehensi\u00f3n.<\/p>\n\n\n\n<p>Sin embargo,\nfueron recibidos a balazos, a lo cual respondieron de la misma manera, cayendo\nabatidos Juan V. C., y su ayudante Gaspar P.; un uniformado result\u00f3 lesionado.<\/p>\n\n\n\n<p>Por otra\nparte, los asaltos a centros comerciales contin\u00faan y la madrugada de este\nlunes, sujetos armados ingresaron a robar en la tienda Oxxo ubicada en la calle\n2 de Abril de Juchit\u00e1n de Zaragoza.<\/p>\n\n\n\n<p>Los\nsujetos lograron abrir la t\u00f3mbola, de donde se habr\u00edan llevado una cuantiosa\ncantidad de dinero; no hubo personas detenidas.<\/p>\n\n\n\n<p>Mientras\ntanto, en San Juan Bautista Tuxtepec ayer fue asaltada la tienda Aurrer\u00e1 del\ncomplejo Multiplaza Comercial, de donde se llevaron alrededor de 130 tel\u00e9fonos\ncelulares; tampoco hubo personas detenidas.<\/p>\n","protected":false},"excerpt":{"rendered":"<p>Ismael Garc\u00eda M.\/Zona Roja. Oaxaca de Ju\u00e1rez, Oax., 1 de junio de 2020.- Tres ejecutados&hellip;<\/p>\n","protected":false},"author":2,"featured_media":13196,"comment_status":"closed","ping_status":"open","sticky":false,"template":"","format":"standard","meta":{"_lmt_disableupdate":"","_lmt_disable":"","_jetpack_memberships_contains_paid_content":false,"footnotes":""},"categories":[109,51],"tags":[123,118],"class_list":["post-13195","post","type-post","status-publish","format-standard","has-post-thumbnail","hentry","category-minuto-a-minuto","category-zona-roja","tag-juchitan-de-zaragoza","tag-san-juan-bautista-tuxtepec"],"jetpack_featured_media_url":"https:\/\/zonaroja.com.mx\/wp-content\/uploads\/2020\/06\/IMG_7822.jpg","jetpack_sharing_enabled":true,"_links":{"self":[{"href":"https:\/\/zonaroja.com.mx\/index.php?rest_route=\/wp\/v2\/posts\/13195","targetHints":{"allow":["GET"]}}],"collection":[{"href":"https:\/\/zonaroja.com.mx\/index.php?rest_route=\/wp\/v2\/posts"}],"about":[{"href":"https:\/\/zonaroja.com.mx\/index.php?rest_route=\/wp\/v2\/types\/post"}],"author":[{"embeddable":true,"href":"https:\/\/zonaroja.com.mx\/index.php?rest_route=\/wp\/v2\/users\/2"}],"replies":[{"embeddable":true,"href":"https:\/\/zonaroja.com.mx\/index.php?rest_route=%2Fwp%2Fv2%2Fcomments&post=13195"}],"version-history":[{"count":1,"href":"https:\/\/zonaroja.com.mx\/index.php?rest_route=\/wp\/v2\/posts\/13195\/revisions"}],"predecessor-version":[{"id":13197,"href":"https:\/\/zonaroja.com.mx\/index.php?rest_route=\/wp\/v2\/posts\/13195\/revisions\/13197"}],"wp:featuredmedia":[{"embeddable":true,"href":"https:\/\/zonaroja.com.mx\/index.php?rest_route=\/wp\/v2\/media\/13196"}],"wp:attachment":[{"href":"https:\/\/zonaroja.com.mx\/index.php?rest_route=%2Fwp%2Fv2%2Fmedia&parent=13195"}],"wp:term":[{"taxonomy":"category","embeddable":true,"href":"https:\/\/zonaroja.com.mx\/index.php?rest_route=%2Fwp%2Fv2%2Fcategories&post=13195"},{"taxonomy":"post_tag","embeddable":true,"href":"https:\/\/zonaroja.com.mx\/index.php?rest_route=%2Fwp%2Fv2%2Ftags&post=13195"}],"curies":[{"name":"wp","href":"https:\/\/api.w.org\/{rel}","templated":true}]}}