{"id":13198,"date":"2020-06-02T08:00:09","date_gmt":"2020-06-02T13:00:09","guid":{"rendered":"http:\/\/www.zonaroja.com.mx\/?p=13198"},"modified":"2020-06-02T10:14:45","modified_gmt":"2020-06-02T15:14:45","slug":"especial-dos-anos-de-impunidad-y-negligencia-oficial-impiden-justiciaparasol","status":"publish","type":"post","link":"https:\/\/zonaroja.com.mx\/?p=13198","title":{"rendered":"Especial. Dos a\u00f1os de impunidad y negligencia oficial impiden #JusticiaParaSol"},"content":{"rendered":"\n<p>Evlin Arag\u00f3n\/Zona Roja.<\/p>\n\n\n\n<p>Oaxaca de\nJu\u00e1rez, Oax., 2 de junio de 2020.- \u201cLo \u00fanico que hemos encontrado en estos dos\na\u00f1os es una serie de hechos que nos llevan a la simulaci\u00f3n institucional, la complicidad\ny finaliza con una enorme impunidad\u201d.<\/p>\n\n\n\n<p>As\u00ed\nresume la periodista Soledad Jarqu\u00edn \u00c9dgar 24 meses de injusticia por parte de\ngobierno de Oaxaca en el asesinato de su hija Mar\u00eda del Sol Cruz Jarqu\u00edn,\nperpetrado en Juchit\u00e1n de Zaragoza.<\/p>\n\n\n\n<p>Han\npasado ya dos a\u00f1os de aquella madrugada del 2 de junio en la que un ataque\narmado, le quitaron la vida a la joven fotoperiodista, entonces trabajadora de\nla Secretar\u00eda de Asuntos Ind\u00edgenas y comisionada por el gobierno a una campa\u00f1a\npol\u00edtica. <\/p>\n\n\n\n<p>Hasta hoy,\npoco o nada se sabe de los autores materiales e intelectuales de los hechos y\npor tanto no hay castigo. La Fiscal\u00eda General del Estado guarda hermetismo y\nact\u00faa con absoluta negligencia, seg\u00fan ha denunciado la familia.<\/p>\n\n\n\n<p>La\nimpunidad, la simulaci\u00f3n y la complicidad por parte de las autoridades estales\nhan sido una constante durante estos 24 meses, en los que han hecho caso omiso\na las solicitudes, peticiones y exigencias de una madre que s\u00f3lo busca justicia\npara su peque\u00f1a hija.<\/p>\n\n\n\n<p>TRES DELITOS\nDENUNCIADOS <\/p>\n\n\n\n<p>Por el\ncaso de Mar\u00eda del Sol hay tres carpetas de investigaci\u00f3n ante la Fiscal\u00eda\nGeneral del Estado de Oaxaca, la primera de ellas por el asesinato de la joven,\nPamela Ter\u00e1n y Adelfo Jim\u00e9nez Guerra, las tres v\u00edctimas del ataque armado del 2\nde junio del 2018.<\/p>\n\n\n\n<p>Dicho\nprocedimiento dio como resultado la detenci\u00f3n de un presunto implicado, Jeh\u00fa G.,\nque debido a una deficiente integraci\u00f3n de la acusaci\u00f3n por parte de la\nFiscal\u00eda, el juez determin\u00f3 que no exist\u00edan los elementos suficientes para su\nvinculaci\u00f3n, por lo que fue puesto en libertad.<\/p>\n\n\n\n<p>Al paso\nde un a\u00f1o se da la detenci\u00f3n y vinculaci\u00f3n de otra persona que se encuentra en\nprisi\u00f3n preventiva, Jos\u00e9 E.<\/p>\n\n\n\n<p>Sin\nembargo, a casi un a\u00f1o de la privaci\u00f3n de su libertad, no se ha podido llevar a\ncabo la primera audiencia intermedia, la cual ha sido suspendida por fallas\nt\u00e9cnicas por parte de la Fiscal\u00eda, a quien no le import\u00f3 la sanci\u00f3n a la que se\nhar\u00eda acreedora bajo advertencia del juez, por posponer una vez m\u00e1s la\naudiencia.<\/p>\n\n\n\n<p>De acuerdo con Soledad Jarqu\u00edn, existe negligencia y una profunda insensibilidad por parte de las autoridades de procuraci\u00f3n de justicia, encabezadas por Rub\u00e9n Vasconcelos M\u00e9ndez, que acuden a las audiencias sin el trabajo hecho y con un alto nivel cinismo sin importar la presencia de las v\u00edctimas.<\/p>\n\n\n\n<figure class=\"wp-block-image\"><img decoding=\"async\" width=\"680\" height=\"457\" src=\"http:\/\/www.zonaroja.com.mx\/wp-content\/uploads\/2020\/06\/Justicia-para-Sol-4.jpg\" alt=\"\" class=\"wp-image-13199\" srcset=\"https:\/\/zonaroja.com.mx\/wp-content\/uploads\/2020\/06\/Justicia-para-Sol-4.jpg 680w, https:\/\/zonaroja.com.mx\/wp-content\/uploads\/2020\/06\/Justicia-para-Sol-4-300x202.jpg 300w, https:\/\/zonaroja.com.mx\/wp-content\/uploads\/2020\/06\/Justicia-para-Sol-4-585x393.jpg 585w\" sizes=\"(max-width: 680px) 100vw, 680px\" \/><\/figure>\n\n\n\n<p>EL DELITO\nELECTORAL<\/p>\n\n\n\n<p>El segundo\nprocedimiento judicial que la madre de Mar\u00eda del Sol inici\u00f3 fue una denuncia\npor delitos electorales, ya que la joven fue obligada -violando la ley\nelectoral- por \u00e9l priista Francisco Montero L\u00f3pez, titular en ese momento de la\nSecretar\u00eda de Asuntos Ind\u00edgenas, a cubrir la campa\u00f1a pol\u00edtica de su hermano\nHageo en Juchit\u00e1n de Zaragoza.<\/p>\n\n\n\n<p>\u201cYo fui\nmuy insistente en que se abriera una investigaci\u00f3n por probable delito\nelectoral ya que el jefe de mi hija, secretario de Asuntos Ind\u00edgenas, la hab\u00eda\nenviado a apoyar una campa\u00f1a pol\u00edtica a Juchit\u00e1n de Zaragoza, lo cual\nconfigurar\u00eda un delito electoral por uso de recursos p\u00fablicos materiales y\nhumanos\u201d, refiere la periodista.<\/p>\n\n\n\n<p>Al\nrespecto, la Fiscal\u00eda Especializada en Delitos Electorales, a cargo de Araceli\nPinelo L\u00f3pez, mostr\u00f3 resistencia y no judicializ\u00f3 la carpeta de investigaci\u00f3n\nhasta el 19 de diciembre del 2019, es decir, un a\u00f1o y medio despu\u00e9s de los\nhechos, con nulos resultados hasta el momento.<\/p>\n\n\n\n<p>Finalmente,\nexiste una denuncia por robo del equipo fotogr\u00e1fico y de c\u00f3mputo propiedad de\nla joven fot\u00f3grafa, que fue hurtado de su habitaci\u00f3n horas despu\u00e9s de que fuera\nasesinada. Misma que tambi\u00e9n se encuentra en manos de la Fiscal\u00eda General del\nEstado sin ning\u00fan tipo de respuesta.<\/p>\n\n\n\n<p>\u201cLa\nsimulaci\u00f3n y la complicidad est\u00e1 inmersa en cada una de estas tres carpetas de\ninvestigaci\u00f3n que pese a las pruebas que se han aportado no hay resultados y\nseguimos en total impunidad\u201d, apunta Soldad Jarqu\u00edn.<\/p>\n\n\n\n<p>NEGLIGENCIA\nY CORRUPCI\u00d3N SIN SANCI\u00d3N<\/p>\n\n\n\n<p>La serie\nde omisiones e irregularidades en el caso por parte de las autoridades ha\nderivado en una carpeta de investigaci\u00f3n que inicio la Secretar\u00eda de\nContralor\u00eda y Transparencia, misma que fue canalizada al Tribunal de Justicia\nAdministrativa, instancia que preside Manuel Velasco Alc\u00e1ntara y que lleva m\u00e1s\nde un a\u00f1o sin emitir sentencia en contra de 10 funcionarios y un particular por\nprobables delitos de corrupci\u00f3n.<\/p>\n\n\n\n<p>Mientras\nque el procedimiento especial sancionador que inici\u00f3 la familia ante el\nInstituto Estatal Electoral y de Participaci\u00f3n Ciudadana de Oaxaca (IEEPCO)\nsigui\u00f3 su curso hasta llegar a los Tribunales Electorales -tanto estatal como\nfederal- quienes reconocieron actos violatorios a la Ley Electoral por lo que\nimpuso sanciones correspondientes que tampoco ha sido ejecutadas por el\ngobierno de Oaxaca.<\/p>\n\n\n\n<p>Las resoluciones judiciales refieren una sanci\u00f3n econ\u00f3mica por m\u00e1s de 90 mil pesos que el hoy regidor de Juchit\u00e1n, Hageo Montero L\u00f3pez, tiene pendiente de pagar.<\/p>\n\n\n\n<figure class=\"wp-block-embed-twitter wp-block-embed is-type-rich is-provider-twitter\"><div class=\"wp-block-embed__wrapper\">\n<div class=\"twitter-tweet\"><blockquote class=\"twitter-tweet\" data-lang=\"es\"><p lang=\"es\" dir=\"ltr\">Hasta que la justicia llegue, no m\u00e1s simulaci\u00f3n, no m\u00e1s impunidad.<a href=\"https:\/\/twitter.com\/hashtag\/2A%C3%B1osDeImpunidad?src=hash&amp;ref_src=twsrc%5Etfw\">#2A\u00f1osDeImpunidad<\/a> <a href=\"https:\/\/twitter.com\/hashtag\/2A%C3%B1osDeComplicidad?src=hash&amp;ref_src=twsrc%5Etfw\">#2A\u00f1osDeComplicidad<\/a> <a href=\"https:\/\/twitter.com\/hashtag\/JusticiaParaSol?src=hash&amp;ref_src=twsrc%5Etfw\">#JusticiaParaSol<\/a><a href=\"https:\/\/twitter.com\/consorciooaxaca?ref_src=twsrc%5Etfw\">@consorciooaxaca<\/a><a href=\"https:\/\/twitter.com\/MarthaTagle?ref_src=twsrc%5Etfw\">@MarthaTagle<\/a><a href=\"https:\/\/twitter.com\/qtf?ref_src=twsrc%5Etfw\">@qtf<\/a><a href=\"https:\/\/twitter.com\/DeniseMaerker?ref_src=twsrc%5Etfw\">@DeniseMaerker<\/a><a href=\"https:\/\/twitter.com\/DeniseDresserG?ref_src=twsrc%5Etfw\">@DeniseDresserG<\/a><a href=\"https:\/\/twitter.com\/alejandromurat?ref_src=twsrc%5Etfw\">@alejandromurat<\/a><a href=\"https:\/\/twitter.com\/lopezobrador_?ref_src=twsrc%5Etfw\">@lopezobrador_<\/a><a href=\"https:\/\/twitter.com\/M_OlgaSCordero?ref_src=twsrc%5Etfw\">@M_OlgaSCordero<\/a><a href=\"https:\/\/twitter.com\/nadgasman?ref_src=twsrc%5Etfw\">@nadgasman<\/a><a href=\"https:\/\/twitter.com\/CONAVIM_MX?ref_src=twsrc%5Etfw\">@CONAVIM_MX<\/a><a href=\"https:\/\/twitter.com\/CandeOchoaA?ref_src=twsrc%5Etfw\">@CandeOchoaA<\/a> <a href=\"https:\/\/t.co\/I1c9Meo5fN\">pic.twitter.com\/I1c9Meo5fN<\/a><\/p>&mdash; Soledad Jarqu\u00edn (@jarquinedgar) <a href=\"https:\/\/twitter.com\/jarquinedgar\/status\/1263169519759089664?ref_src=twsrc%5Etfw\">20 de mayo de 2020<\/a><\/blockquote><\/div>\n<\/div><\/figure>\n\n\n\n<p>Adem\u00e1s de\nla instrucci\u00f3n al gobernador de Oaxaca, Alejandro Murat Hinojosa, para\nsancionar a quien era su subalterno, Francisco Javier Montero L\u00f3pez, quien se\ndesempe\u00f1aba como secretario de Asuntos Ind\u00edgenas.<\/p>\n\n\n\n<p>De\nacuerdo con Soledad Jarqu\u00edn, la Secretaria de Finanzas se suma a la lista de\ninstancias simuladoras en el caso, toda vez que es la que tendr\u00eda que ejecutar\nla orden de pago, sin embargo, no ha cumplido con el mandato judicial bajo el\nargumento de que no han podido localizar el domicilio del regidor, a quien\nclaramente podr\u00edan buscar al interior del ayuntamiento juchiteco. <\/p>\n\n\n\n<p>As\u00ed mismo\nel gobernador de Oaxaca al no sancionar como deber\u00eda a quien fuera su\nfuncionario y que cometi\u00f3 un delito electoral hace dos a\u00f1os.<\/p>\n\n\n\n<p>\u201cEn estos\ndos a\u00f1os yo toqu\u00e9 las puertas que pude, abr\u00ed los escenarios que pude y lo que\npuedo decir es que hay una total impunidad\u201d, concluye la reconocida\ncomunicadora.&nbsp; <\/p>\n\n\n\n<p>El caso\nde Mar\u00eda del Sol es un claro ejemplo de la simulaci\u00f3n, negligencia, complicidad\ny corrupci\u00f3n que involucra a la Fiscal\u00eda General Justicia del Estado, la\nFiscal\u00eda Especializada en Delitos Electorales, el Tribunal de Justicia\nAdministrativa, la Secretar\u00eda de Finanzas y al propio gobernador de Oaxaca,\nquienes han evadido su responsabilidad y no han cumplido con la parte que les\ncorresponde para brindar justicia a una joven, una familia y cientos de\npersonas que se han unido en la exigencia de \u201cJusticia para Sol\u201d.<\/p>\n","protected":false},"excerpt":{"rendered":"<p>Evlin Arag\u00f3n\/Zona Roja. Oaxaca de Ju\u00e1rez, Oax., 2 de junio de 2020.- \u201cLo \u00fanico que&hellip;<\/p>\n","protected":false},"author":2,"featured_media":13200,"comment_status":"closed","ping_status":"open","sticky":false,"template":"","format":"standard","meta":{"_lmt_disableupdate":"","_lmt_disable":"","_jetpack_memberships_contains_paid_content":false,"footnotes":""},"categories":[109,47],"tags":[1059],"class_list":["post-13198","post","type-post","status-publish","format-standard","has-post-thumbnail","hentry","category-minuto-a-minuto","category-zona-gris","tag-maria-del-sol-cruz-jarquin"],"jetpack_featured_media_url":"https:\/\/zonaroja.com.mx\/wp-content\/uploads\/2020\/06\/Soledad-Jarqu\u00edn-2.png","jetpack_sharing_enabled":true,"_links":{"self":[{"href":"https:\/\/zonaroja.com.mx\/index.php?rest_route=\/wp\/v2\/posts\/13198","targetHints":{"allow":["GET"]}}],"collection":[{"href":"https:\/\/zonaroja.com.mx\/index.php?rest_route=\/wp\/v2\/posts"}],"about":[{"href":"https:\/\/zonaroja.com.mx\/index.php?rest_route=\/wp\/v2\/types\/post"}],"author":[{"embeddable":true,"href":"https:\/\/zonaroja.com.mx\/index.php?rest_route=\/wp\/v2\/users\/2"}],"replies":[{"embeddable":true,"href":"https:\/\/zonaroja.com.mx\/index.php?rest_route=%2Fwp%2Fv2%2Fcomments&post=13198"}],"version-history":[{"count":2,"href":"https:\/\/zonaroja.com.mx\/index.php?rest_route=\/wp\/v2\/posts\/13198\/revisions"}],"predecessor-version":[{"id":13213,"href":"https:\/\/zonaroja.com.mx\/index.php?rest_route=\/wp\/v2\/posts\/13198\/revisions\/13213"}],"wp:featuredmedia":[{"embeddable":true,"href":"https:\/\/zonaroja.com.mx\/index.php?rest_route=\/wp\/v2\/media\/13200"}],"wp:attachment":[{"href":"https:\/\/zonaroja.com.mx\/index.php?rest_route=%2Fwp%2Fv2%2Fmedia&parent=13198"}],"wp:term":[{"taxonomy":"category","embeddable":true,"href":"https:\/\/zonaroja.com.mx\/index.php?rest_route=%2Fwp%2Fv2%2Fcategories&post=13198"},{"taxonomy":"post_tag","embeddable":true,"href":"https:\/\/zonaroja.com.mx\/index.php?rest_route=%2Fwp%2Fv2%2Ftags&post=13198"}],"curies":[{"name":"wp","href":"https:\/\/api.w.org\/{rel}","templated":true}]}}