{"id":13202,"date":"2020-06-01T22:17:58","date_gmt":"2020-06-02T03:17:58","guid":{"rendered":"http:\/\/www.zonaroja.com.mx\/?p=13202"},"modified":"2020-06-03T06:19:32","modified_gmt":"2020-06-03T11:19:32","slug":"muere-bebe-por-covid-y-van-306-medicos-y-enfermeras-contagiados","status":"publish","type":"post","link":"https:\/\/zonaroja.com.mx\/?p=13202","title":{"rendered":"Muere beb\u00e9 por Covid\u2026 y van 304 m\u00e9dicos y enfermeras contagiados"},"content":{"rendered":"\n<p>Redacci\u00f3n\/Zona\nRoja.<\/p>\n\n\n\n<p>Oaxaca de\nJu\u00e1rez, Oax., 1 de junio de 2020.- En el primer d\u00eda nacional de la \u201cnueva\nnormalidad\u201d, en Oaxaca muri\u00f3 un beb\u00e9 de un a\u00f1o de edad, sin comorbilidades, a\ncausa del Covid-19; adem\u00e1s, la cifra de personal del \u00e1rea de salud contagiado\npor el virus, supera los 300.<\/p>\n\n\n\n<p>En su\ncomunicado de este lunes, la dependencia Servicios de Salud de Oaxaca (SSO) inform\u00f3\nque al corte epidemiol\u00f3gico de este lunes 1 de junio, se han contabilizado 96\ncasos nuevos que suman mil 512 confirmados a Covid-19 en la entidad.<\/p>\n\n\n\n<p>Detall\u00f3\nque se han notificado tres mil 673 casos; de los cuales mil 543 han sido\nnegativos, 618 son sospechosos y est\u00e1n en espera de resultados por laboratorio,\nse han recuperado mil 009 personas, 339 son casos activos y lamentablemente se\nhan registrado 10 decesos este d\u00eda, por lo que suman 164.<\/p>\n\n\n\n<p>Agreg\u00f3 que en la Jurisdicci\u00f3n Sanitaria uno Valles Centrales hay mil 058 casos confirmados con 94 defunciones, Tuxtepec con 157 casos y 27 fallecimientos, el Istmo con 97 y 18 decesos, la Mixteca con 88 y 15 muertes, seguido de la Costa con 70 casos y siete decesos y la Sierra Norte con 42 y tres defunciones. <\/p>\n\n\n\n<figure class=\"wp-block-image\"><img decoding=\"async\" width=\"1024\" height=\"574\" src=\"http:\/\/www.zonaroja.com.mx\/wp-content\/uploads\/2020\/06\/SSO2-1024x574.jpeg\" alt=\"\" class=\"wp-image-13204\" srcset=\"https:\/\/zonaroja.com.mx\/wp-content\/uploads\/2020\/06\/SSO2-1024x574.jpeg 1024w, https:\/\/zonaroja.com.mx\/wp-content\/uploads\/2020\/06\/SSO2-300x168.jpeg 300w, https:\/\/zonaroja.com.mx\/wp-content\/uploads\/2020\/06\/SSO2-768x431.jpeg 768w, https:\/\/zonaroja.com.mx\/wp-content\/uploads\/2020\/06\/SSO2-1170x656.jpeg 1170w, https:\/\/zonaroja.com.mx\/wp-content\/uploads\/2020\/06\/SSO2-585x328.jpeg 585w, https:\/\/zonaroja.com.mx\/wp-content\/uploads\/2020\/06\/SSO2.jpeg 1280w\" sizes=\"(max-width: 1024px) 100vw, 1024px\" \/><\/figure>\n\n\n\n<p>Puntualiz\u00f3\nque los 96 casos nuevos se han registrado en 45 municipios, teniendo Oaxaca de\nJu\u00e1rez 21, San Juan Bautista Tuxtepec ocho, Santa Cruz Xoxocotl\u00e1n siete, San\nAntonio de la Cal con seis, la Villa de Zaachila, San Bartolo Coyotepec, y San\nPablo Huixtepec con tres cada uno, entre otros.<\/p>\n\n\n\n<p>Dijo que\nen el personal del sector Salud suman 304 casos positivos, de los cuales 121\nson m\u00e9dicos, 136 en enfermer\u00eda y en otras \u00e1reas 47.<\/p>\n\n\n\n<p>De las 10\ndefunciones registradas este lunes, nueve fueron en hombres, incluyendo a un\nmenor de un a\u00f1o de edad residente de San Pedro Ixtlahuaca sin comorbilidad.<\/p>\n\n\n\n<p>Cinco m\u00e1s\nno ten\u00edan ninguna enfermedad adicional, tres con diabetes e hipertensi\u00f3n, y una\nmujer de 49 a\u00f1os residente de Santo Domingo Tehuantepec con diabetes.<\/p>\n","protected":false},"excerpt":{"rendered":"<p>Redacci\u00f3n\/Zona Roja. Oaxaca de Ju\u00e1rez, Oax., 1 de junio de 2020.- En el primer d\u00eda&hellip;<\/p>\n","protected":false},"author":2,"featured_media":13203,"comment_status":"closed","ping_status":"open","sticky":false,"template":"","format":"standard","meta":{"_lmt_disableupdate":"","_lmt_disable":"","_jetpack_memberships_contains_paid_content":false,"footnotes":""},"categories":[109,47],"tags":[1512],"class_list":["post-13202","post","type-post","status-publish","format-standard","has-post-thumbnail","hentry","category-minuto-a-minuto","category-zona-gris","tag-coronavirus-oaxaca"],"jetpack_featured_media_url":"https:\/\/zonaroja.com.mx\/wp-content\/uploads\/2020\/06\/SSO.jpeg","jetpack_sharing_enabled":true,"_links":{"self":[{"href":"https:\/\/zonaroja.com.mx\/index.php?rest_route=\/wp\/v2\/posts\/13202","targetHints":{"allow":["GET"]}}],"collection":[{"href":"https:\/\/zonaroja.com.mx\/index.php?rest_route=\/wp\/v2\/posts"}],"about":[{"href":"https:\/\/zonaroja.com.mx\/index.php?rest_route=\/wp\/v2\/types\/post"}],"author":[{"embeddable":true,"href":"https:\/\/zonaroja.com.mx\/index.php?rest_route=\/wp\/v2\/users\/2"}],"replies":[{"embeddable":true,"href":"https:\/\/zonaroja.com.mx\/index.php?rest_route=%2Fwp%2Fv2%2Fcomments&post=13202"}],"version-history":[{"count":2,"href":"https:\/\/zonaroja.com.mx\/index.php?rest_route=\/wp\/v2\/posts\/13202\/revisions"}],"predecessor-version":[{"id":13239,"href":"https:\/\/zonaroja.com.mx\/index.php?rest_route=\/wp\/v2\/posts\/13202\/revisions\/13239"}],"wp:featuredmedia":[{"embeddable":true,"href":"https:\/\/zonaroja.com.mx\/index.php?rest_route=\/wp\/v2\/media\/13203"}],"wp:attachment":[{"href":"https:\/\/zonaroja.com.mx\/index.php?rest_route=%2Fwp%2Fv2%2Fmedia&parent=13202"}],"wp:term":[{"taxonomy":"category","embeddable":true,"href":"https:\/\/zonaroja.com.mx\/index.php?rest_route=%2Fwp%2Fv2%2Fcategories&post=13202"},{"taxonomy":"post_tag","embeddable":true,"href":"https:\/\/zonaroja.com.mx\/index.php?rest_route=%2Fwp%2Fv2%2Ftags&post=13202"}],"curies":[{"name":"wp","href":"https:\/\/api.w.org\/{rel}","templated":true}]}}