{"id":13206,"date":"2020-06-02T07:34:54","date_gmt":"2020-06-02T12:34:54","guid":{"rendered":"http:\/\/www.zonaroja.com.mx\/?p=13206"},"modified":"2020-06-02T07:35:19","modified_gmt":"2020-06-02T12:35:19","slug":"promete-lopez-obrador-80-mil-empleos-este-ano-con-el-tren-maya","status":"publish","type":"post","link":"https:\/\/zonaroja.com.mx\/?p=13206","title":{"rendered":"Promete L\u00f3pez Obrador 80 mil empleos este a\u00f1o con el Tren Maya"},"content":{"rendered":"\n<p>Redacci\u00f3n\/Zona\nRoja.<\/p>\n\n\n\n<p>Oaxaca de\nJu\u00e1rez, Oax., 2 de junio de 2020.- En L\u00e1zaro C\u00e1rdenas, Quintana Roo, el Presidente\nAndr\u00e9s Manuel L\u00f3pez Obrador dio por comenzada ayer la obra del Tren Maya.<\/p>\n\n\n\n<p>Seg\u00fan\ndatos de ONU H\u00e1bitat citados por el gobierno federal, generar\u00e1 antes de 2030 un\ntotal de 945 mil empleos, de los cuales 46 por ciento ser\u00e1n para los pueblos\noriginarios y que el mandatario defini\u00f3 como un proyecto concebido para\nreivindicar al sureste del pa\u00eds.<\/p>\n\n\n\n<p>L\u00f3pez\nObrador declar\u00f3 el arranque de trabajos en el tramo Izamal-Canc\u00fan, en este\nmunicipio, y precis\u00f3 que, adem\u00e1s, se inicia otra relaci\u00f3n con las empresas privadas\nen los contratos de obra p\u00fablica, \u201cporque se acab\u00f3 la ineptitud,\nirresponsabilidad e influyentismo y corrupci\u00f3n en la industria de la\nconstrucci\u00f3n\u201d.<\/p>\n\n\n\n<p>Ante la\ndirectora general de la empresa que obtuvo el contrato para este tramo,\nIngenieros Civiles Asociados (ICA), Guadalupe Phillips Margain, record\u00f3 que en\nel pasado empresas irresponsables llevaron a la c\u00e1rcel a presidentes de otros\npa\u00edses, altos funcionarios, caracterizadas por la irresponsabilidad y la\ncorrupci\u00f3n.<\/p>\n\n\n\n<p>Se\u00f1al\u00f3\nque ICA no podr\u00e1 aumentar el precio de 27 mil millones de pesos ni el tiempo de\nconstrucci\u00f3n \u2013de 28 meses\u2013 pactados en el contrato, que incluye 520 kil\u00f3metros\nde doble v\u00eda f\u00e9rrea y la ampliaci\u00f3n a cuatro carriles entre esos lugares, de la\nque esa empresa tiene la concesi\u00f3n hasta 2050.<\/p>\n\n\n\n<p>\u201cPorque\nya no hay ampliaci\u00f3n (de presupuesto), no es de que hicimos mal los c\u00e1lculos y\nnecesitamos ampliaci\u00f3n. Es precio alzado. Y lo mismo en el tiempo. Nada de que\nllovi\u00f3 mucho y no se pudo trabajar. Tenemos que terminar en tiempo y en\npresupuesto. Y claro que se puede. Ah\u00ed est\u00e1 el ejemplo de los ingenieros\nmilitares que construyen el aeropuerto Felipe \u00c1ngeles\u201d, dijo.<\/p>\n\n\n\n<p>Resalt\u00f3\nque se trata de la primera obra de relevancia en la regi\u00f3n y, sobre todo, sin\ncontratar deuda. <\/p>\n\n\n\n<p>Ponder\u00f3\nque la inversi\u00f3n se realizar\u00e1 con recursos obtenidos con la nueva pol\u00edtica de\nno permitir la corrupci\u00f3n y cuidar el gasto, de hacer un gobierno austero, sin\nlujos. Todo lo ahorrado es para este tipo de obras y para devolverle al pueblo\nlo que por derecho y justicia le corresponde.<\/p>\n\n\n\n<p>Dijo que\nen la obra este a\u00f1o se crear\u00e1n 80 mil empleos directos; de \u00e9stos, 15 mil s\u00f3lo\nen el tramo Izamal-Canc\u00fan, y en 2021 otros 150 mil.<\/p>\n\n\n\n<p>A\nmediod\u00eda, en la quinta Regi\u00f3n Naval, en Isla Mujeres, el Presidente encabez\u00f3 la\nceremonia de ascensos, condecoraciones y menciones honor\u00edficas al personal de\nsanidad naval en el marco del D\u00eda de la Marina, en un breve acto durante el\ncual no tuvo contacto directo con los efectivos y tampoco hubo entrega f\u00edsica\nde reconocimientos.<\/p>\n\n\n\n<p>Por la\nma\u00f1ana, en la conferencia de prensa en Canc\u00fan, expres\u00f3 el agradecimiento de su\ngobierno al personal m\u00e9dico y de enfermer\u00eda de la Secretar\u00eda de Marina que\nparticipa para combatir al coronavirus, as\u00ed como al del sector salud, por su\nentrega, apoyo y solidaridad, por inclusive poner en riesgo su vida para salvar\nla de otros seres humanos.<\/p>\n","protected":false},"excerpt":{"rendered":"<p>Redacci\u00f3n\/Zona Roja. Oaxaca de Ju\u00e1rez, Oax., 2 de junio de 2020.- En L\u00e1zaro C\u00e1rdenas, Quintana&hellip;<\/p>\n","protected":false},"author":2,"featured_media":13207,"comment_status":"closed","ping_status":"open","sticky":false,"template":"","format":"standard","meta":{"_lmt_disableupdate":"","_lmt_disable":"","_jetpack_memberships_contains_paid_content":false,"footnotes":""},"categories":[109,46],"tags":[143,1730],"class_list":["post-13206","post","type-post","status-publish","format-standard","has-post-thumbnail","hentry","category-minuto-a-minuto","category-zona-blanca","tag-andres-manuel-lopez-obrador","tag-tren-maya"],"jetpack_featured_media_url":"https:\/\/zonaroja.com.mx\/wp-content\/uploads\/2020\/06\/Tren-Maya-banderazo.jpg","jetpack_sharing_enabled":true,"_links":{"self":[{"href":"https:\/\/zonaroja.com.mx\/index.php?rest_route=\/wp\/v2\/posts\/13206","targetHints":{"allow":["GET"]}}],"collection":[{"href":"https:\/\/zonaroja.com.mx\/index.php?rest_route=\/wp\/v2\/posts"}],"about":[{"href":"https:\/\/zonaroja.com.mx\/index.php?rest_route=\/wp\/v2\/types\/post"}],"author":[{"embeddable":true,"href":"https:\/\/zonaroja.com.mx\/index.php?rest_route=\/wp\/v2\/users\/2"}],"replies":[{"embeddable":true,"href":"https:\/\/zonaroja.com.mx\/index.php?rest_route=%2Fwp%2Fv2%2Fcomments&post=13206"}],"version-history":[{"count":1,"href":"https:\/\/zonaroja.com.mx\/index.php?rest_route=\/wp\/v2\/posts\/13206\/revisions"}],"predecessor-version":[{"id":13208,"href":"https:\/\/zonaroja.com.mx\/index.php?rest_route=\/wp\/v2\/posts\/13206\/revisions\/13208"}],"wp:featuredmedia":[{"embeddable":true,"href":"https:\/\/zonaroja.com.mx\/index.php?rest_route=\/wp\/v2\/media\/13207"}],"wp:attachment":[{"href":"https:\/\/zonaroja.com.mx\/index.php?rest_route=%2Fwp%2Fv2%2Fmedia&parent=13206"}],"wp:term":[{"taxonomy":"category","embeddable":true,"href":"https:\/\/zonaroja.com.mx\/index.php?rest_route=%2Fwp%2Fv2%2Fcategories&post=13206"},{"taxonomy":"post_tag","embeddable":true,"href":"https:\/\/zonaroja.com.mx\/index.php?rest_route=%2Fwp%2Fv2%2Ftags&post=13206"}],"curies":[{"name":"wp","href":"https:\/\/api.w.org\/{rel}","templated":true}]}}