{"id":13214,"date":"2020-06-02T10:28:13","date_gmt":"2020-06-02T15:28:13","guid":{"rendered":"http:\/\/www.zonaroja.com.mx\/?p=13214"},"modified":"2020-06-02T10:28:16","modified_gmt":"2020-06-02T15:28:16","slug":"dos-anos-sin-comision-local-de-busqueda-de-personas-por-omision-de-gobierno","status":"publish","type":"post","link":"https:\/\/zonaroja.com.mx\/?p=13214","title":{"rendered":"Dos a\u00f1os sin Comisi\u00f3n Local de B\u00fasqueda de Personas por omisi\u00f3n de gobierno"},"content":{"rendered":"\n<p>Redacci\u00f3n\/Zona\nRoja.<\/p>\n\n\n\n<p>Oaxaca de\nJu\u00e1rez, Oax., 2 de junio de 2020.- La Comisi\u00f3n Local de B\u00fasqueda de Personas\npara el estado de Oaxaca debi\u00f3 entrar en funciones desde el 18 de abril de\n2020.<\/p>\n\n\n\n<p>Sin\nembargo, por omisi\u00f3n del titular del Poder Ejecutivo, Alejandro Murat Hinojosa,\nel Congreso del Estado a\u00fan no ha recibido la terna de quienes integrar\u00e1n dicho\n\u00f3rgano, que forma parte de los mandatos de la Ley General en Materia de\nDesaparici\u00f3n Forzada de Personas, Desaparici\u00f3n Cometida por Particulares y el\nSistema Nacional de B\u00fasqueda de Personas.<\/p>\n\n\n\n<p>En un\ncomunicado, el Poder Legislativo inform\u00f3 que la diputada por el distrito de\nTuxtepec, Laura Estrada Mauro, solicit\u00f3 al mandatario comenzar, de manera\ninmediata, el procedimiento de selecci\u00f3n de la terna para elegir al o la\ntitular de la Comisi\u00f3n Local de B\u00fasqueda de Personas.<\/p>\n\n\n\n<p>Mediante\nun punto de acuerdo presentado ante la Diputaci\u00f3n Permanente, la diputada local\nexpuso que desde el Congreso local impuls\u00f3 la Ley en Materia de Desaparici\u00f3n de\nPersonas para el Estado de Oaxaca, misma que fue aprobada el pasado 12 de\nseptiembre y publicada completamente el 15 de noviembre del 2019 en el\nPeri\u00f3dico Oficial del Estado.<\/p>\n\n\n\n<p>Asimismo,\nse otorg\u00f3 al gobernador un plazo, que venci\u00f3 el 30 de noviembre de 2019, para\ntener lista la terna de aspirantes al cargo de Comisionado Estatal de B\u00fasqueda.<\/p>\n\n\n\n<p>\u201cEs\ndecir, han transcurrido seis meses sin avances en materia de desaparici\u00f3n\nforzada en el estado, constituyendo una violaci\u00f3n grave al contenido de una Ley\nGeneral de observancia obligatoria\u201d, lament\u00f3 la congresista.<\/p>\n\n\n\n<p>De\nacuerdo con la Ley aprobada por la 64 Legislatura, el o la titular de la\nComisi\u00f3n, ser\u00e1 electo por las dos&nbsp;\nterceras partes de los miembros presentes del Congreso del Estado, de la\nterna que envi\u00e9 el mandatario estatal, previa consulta a los colectivos de\nfamiliares, expertos y organizaciones de la sociedad civil especiadas en la\nmateria mediante una convocatoria emitida por el Ejecutivo.<\/p>\n\n\n\n<p>Estrada\nMauro, se\u00f1al\u00f3 que es urgente hacer cumplir la Ley. Puso como ejemplo la\nreciente movilizaci\u00f3n hecha por familiares y amigos de tres j\u00f3venes\ndesaparecidas en San Juan Bautista Tuxtepec, los cuales, exigieron a los tres\nniveles de gobierno justicia, seguridad y localizar a las v\u00edctimas<\/p>\n\n\n\n<p>Ante\ndicha omisi\u00f3n, llam\u00f3 al titular del Poder Ejecutivo, Alejandro Murat, a que de\nmanera inmediata inicie el procedimiento de la selecci\u00f3n de la terna para\nelegir al Comisionado de B\u00fasqueda en t\u00e9rminos de la Ley en Materia de\nDesaparici\u00f3n de Personas para el Estado de Oaxaca, por tratarse de un tema de\norden p\u00fablico, urgente y de inter\u00e9s general.<\/p>\n","protected":false},"excerpt":{"rendered":"<p>Redacci\u00f3n\/Zona Roja. Oaxaca de Ju\u00e1rez, Oax., 2 de junio de 2020.- La Comisi\u00f3n Local de&hellip;<\/p>\n","protected":false},"author":2,"featured_media":7738,"comment_status":"closed","ping_status":"open","sticky":false,"template":"","format":"standard","meta":{"_lmt_disableupdate":"","_lmt_disable":"","_jetpack_memberships_contains_paid_content":false,"footnotes":""},"categories":[109,47],"tags":[213],"class_list":["post-13214","post","type-post","status-publish","format-standard","has-post-thumbnail","hentry","category-minuto-a-minuto","category-zona-gris","tag-64-legislatura-de-oaxaca"],"jetpack_featured_media_url":"https:\/\/zonaroja.com.mx\/wp-content\/uploads\/2020\/01\/C\u00e1mara-de-Diputados-Oax-2.jpg","jetpack_sharing_enabled":true,"_links":{"self":[{"href":"https:\/\/zonaroja.com.mx\/index.php?rest_route=\/wp\/v2\/posts\/13214","targetHints":{"allow":["GET"]}}],"collection":[{"href":"https:\/\/zonaroja.com.mx\/index.php?rest_route=\/wp\/v2\/posts"}],"about":[{"href":"https:\/\/zonaroja.com.mx\/index.php?rest_route=\/wp\/v2\/types\/post"}],"author":[{"embeddable":true,"href":"https:\/\/zonaroja.com.mx\/index.php?rest_route=\/wp\/v2\/users\/2"}],"replies":[{"embeddable":true,"href":"https:\/\/zonaroja.com.mx\/index.php?rest_route=%2Fwp%2Fv2%2Fcomments&post=13214"}],"version-history":[{"count":1,"href":"https:\/\/zonaroja.com.mx\/index.php?rest_route=\/wp\/v2\/posts\/13214\/revisions"}],"predecessor-version":[{"id":13215,"href":"https:\/\/zonaroja.com.mx\/index.php?rest_route=\/wp\/v2\/posts\/13214\/revisions\/13215"}],"wp:featuredmedia":[{"embeddable":true,"href":"https:\/\/zonaroja.com.mx\/index.php?rest_route=\/wp\/v2\/media\/7738"}],"wp:attachment":[{"href":"https:\/\/zonaroja.com.mx\/index.php?rest_route=%2Fwp%2Fv2%2Fmedia&parent=13214"}],"wp:term":[{"taxonomy":"category","embeddable":true,"href":"https:\/\/zonaroja.com.mx\/index.php?rest_route=%2Fwp%2Fv2%2Fcategories&post=13214"},{"taxonomy":"post_tag","embeddable":true,"href":"https:\/\/zonaroja.com.mx\/index.php?rest_route=%2Fwp%2Fv2%2Ftags&post=13214"}],"curies":[{"name":"wp","href":"https:\/\/api.w.org\/{rel}","templated":true}]}}