{"id":13216,"date":"2020-06-02T11:36:50","date_gmt":"2020-06-02T16:36:50","guid":{"rendered":"http:\/\/www.zonaroja.com.mx\/?p=13216"},"modified":"2020-06-02T11:36:52","modified_gmt":"2020-06-02T16:36:52","slug":"avala-congreso-posponer-inicio-de-proceso-electoral-hasta-diciembre","status":"publish","type":"post","link":"https:\/\/zonaroja.com.mx\/?p=13216","title":{"rendered":"Avala Congreso posponer inicio de proceso electoral hasta diciembre"},"content":{"rendered":"\n<p>Evlin\nArag\u00f3n\/Zona Roja.<\/p>\n\n\n\n<p>Oaxaca de\nJu\u00e1rez, Oax., 2 de junio de 2020.- Con 28 votos, el pleno de la 64 Legislatura\naprob\u00f3 recorrer el inicio del proceso electoral 2020-2021 hasta los primeros\ncinco d\u00edas de diciembre de este a\u00f1o.<\/p>\n\n\n\n<p>En sesi\u00f3n\nextraordinaria, debido a que se mantiene la contingencia sanitaria en M\u00e9xico,\nderivada de la pandemia por Covid-19, adem\u00e1s de las afectaciones que pueda\ntraer la temporada cicl\u00f3nica en el estado.<\/p>\n\n\n\n<p>En la iniciativa\ncon proyecto de decreto avalada, se reforma el art\u00edculo s\u00e9ptimo transitorio del\ndecreto 633, publicado el 3 de junio del a\u00f1o 2017 en el Peri\u00f3dico Oficial del\nGobierno del Estado de Oaxaca, por el cual se crea la Ley de Instituciones y\nProcedimientos Electorales del Estado de Oaxaca.<\/p>\n\n\n\n<p>De\nacuerdo con la exposici\u00f3n de motivos, la iniciativa s\u00f3lo pretende cambiar la\nfecha de inicio de un proceso electoral que a\u00fan no ha empezado, y pasarla hasta\nel mes de diciembre, como previsi\u00f3n ante la emergencia que se vive en la\nentidad oaxaque\u00f1a; cuidando que las etapas del proceso electoral no se\nmodifiquen o pospongan y, con el prop\u00f3sito tambi\u00e9n de economizar el gasto\nelectoral.<\/p>\n\n\n\n<p>\u201cConsideramos\nproporcional y razonable que el proceso electoral inicie en los primeros cinco\nd\u00edas del pr\u00f3ximo mes de diciembre de 2020; porque al tratarse de una elecci\u00f3n\nintermedia para elegir diputadas y diputados al Congreso del Estado, as\u00ed como\nconcejales a los ayuntamientos, al iniciar el proceso electoral en los primeros\nd\u00edas de diciembre, no se pondr\u00edan en riesgo las diferentes etapas del proceso y\nla jornada electoral\u201d, cita el documento.<\/p>\n\n\n\n<p>En el\ndocumento se expresa que el Instituto Estatal Electoral y de Participaci\u00f3n\nCiudadana (IEEPCO), estar\u00eda a tiempo de establecer los topes de precampa\u00f1as y\ngarantizar que los procedimientos internos de los partidos pol\u00edticos de\nprecampa\u00f1a y elecci\u00f3n de candidatos se realicen sin contratiempos y en\ncondiciones de equidad, asimismo los procedimientos para que los candidatos\nindependientes obtengan el respaldo popular.<\/p>\n\n\n\n<p>\u201cEstamos\nconscientes que el cambio de fecha de inicio del proceso electoral por 3 meses,\nva a obligar al IEEPCO a modificar y hacer ajustes a su calendario integral\nelectoral. Sin embargo, se advierte que, debido a que todos los procesos\nelectorales se instrumentan en un escenario de incertidumbre, siempre ha\nexistido una disposici\u00f3n expresa que faculta al Consejo General del IEEPCO, a\nhacer estas modificaciones y ajustes de manera v\u00e1lida y legal\u201d, manifiesta.<\/p>\n\n\n\n<p>La\npropuesta tambi\u00e9n menciona el cambio de fecha de inicio del proceso electoral,\nse concretar\u00eda un ahorro correspondiente a tres meses de operatividad traducido\nen 18 millones de pesos, los cuales de acuerdo a la normatividad\npresupuestaria, podr\u00edan ser reasignados por el Ejecutivo del estado, de manera\npreferente al gasto de salud o contingencia por desastres naturales.<\/p>\n","protected":false},"excerpt":{"rendered":"<p>Evlin Arag\u00f3n\/Zona Roja. Oaxaca de Ju\u00e1rez, Oax., 2 de junio de 2020.- Con 28 votos,&hellip;<\/p>\n","protected":false},"author":2,"featured_media":13217,"comment_status":"closed","ping_status":"open","sticky":false,"template":"","format":"standard","meta":{"_lmt_disableupdate":"","_lmt_disable":"","_jetpack_memberships_contains_paid_content":false,"footnotes":""},"categories":[109,46],"tags":[213],"class_list":["post-13216","post","type-post","status-publish","format-standard","has-post-thumbnail","hentry","category-minuto-a-minuto","category-zona-blanca","tag-64-legislatura-de-oaxaca"],"jetpack_featured_media_url":"https:\/\/zonaroja.com.mx\/wp-content\/uploads\/2020\/06\/Sesi\u00f3n-Congreso-local.jpg","jetpack_sharing_enabled":true,"_links":{"self":[{"href":"https:\/\/zonaroja.com.mx\/index.php?rest_route=\/wp\/v2\/posts\/13216","targetHints":{"allow":["GET"]}}],"collection":[{"href":"https:\/\/zonaroja.com.mx\/index.php?rest_route=\/wp\/v2\/posts"}],"about":[{"href":"https:\/\/zonaroja.com.mx\/index.php?rest_route=\/wp\/v2\/types\/post"}],"author":[{"embeddable":true,"href":"https:\/\/zonaroja.com.mx\/index.php?rest_route=\/wp\/v2\/users\/2"}],"replies":[{"embeddable":true,"href":"https:\/\/zonaroja.com.mx\/index.php?rest_route=%2Fwp%2Fv2%2Fcomments&post=13216"}],"version-history":[{"count":1,"href":"https:\/\/zonaroja.com.mx\/index.php?rest_route=\/wp\/v2\/posts\/13216\/revisions"}],"predecessor-version":[{"id":13218,"href":"https:\/\/zonaroja.com.mx\/index.php?rest_route=\/wp\/v2\/posts\/13216\/revisions\/13218"}],"wp:featuredmedia":[{"embeddable":true,"href":"https:\/\/zonaroja.com.mx\/index.php?rest_route=\/wp\/v2\/media\/13217"}],"wp:attachment":[{"href":"https:\/\/zonaroja.com.mx\/index.php?rest_route=%2Fwp%2Fv2%2Fmedia&parent=13216"}],"wp:term":[{"taxonomy":"category","embeddable":true,"href":"https:\/\/zonaroja.com.mx\/index.php?rest_route=%2Fwp%2Fv2%2Fcategories&post=13216"},{"taxonomy":"post_tag","embeddable":true,"href":"https:\/\/zonaroja.com.mx\/index.php?rest_route=%2Fwp%2Fv2%2Ftags&post=13216"}],"curies":[{"name":"wp","href":"https:\/\/api.w.org\/{rel}","templated":true}]}}