{"id":13219,"date":"2020-06-02T13:10:40","date_gmt":"2020-06-02T18:10:40","guid":{"rendered":"http:\/\/www.zonaroja.com.mx\/?p=13219"},"modified":"2020-06-02T13:10:43","modified_gmt":"2020-06-02T18:10:43","slug":"impunidad-en-caso-de-maria-del-sol-debe-ser-sancionada-gesmujer","status":"publish","type":"post","link":"https:\/\/zonaroja.com.mx\/?p=13219","title":{"rendered":"Impunidad en caso de Mar\u00eda del Sol debe ser sancionada: GesMujer"},"content":{"rendered":"\n<p>Evlin\nArag\u00f3n\/Zona Roja.<\/p>\n\n\n\n<p>Oaxaca de\nJu\u00e1rez, Oax., 2 de junio de 2020.- \u201cLa impunidad debe ser sancionada\nsocialmente, visibilizada ante la opini\u00f3n p\u00fablica, cuestionada su \u2018normalizaci\u00f3n\u2019\ny castigada conforme a derecho\u201d. <\/p>\n\n\n\n<p>As\u00ed lo\nrefiere Ang\u00e9lica Ayala, presidenta del Grupo de Estudios Sobre la Mujer\n\u201cRosario Castellanos\u201d (GesMujer), al referirse al caso de Mar\u00eda de Sol Cruz,\nque este martes cumple dos a\u00f1os de haber sido asesinada, sin que exista\njusticia.<\/p>\n\n\n\n<p>De\nacuerdo con la activista, las sanciones deben incluir a la Fiscal\u00eda General de\nOaxaca, encabezada por Rub\u00e9n Vasconcelos M\u00e9ndez, pues es directamente\nresponsable de las actuaciones que violentan los derechos humanos en el acceso\na la justicia, as\u00ed como a las instituciones que han sido omisas ante los\nreiterados llamados de la familia de la joven y cientos de personas que las\nrespaldan.<\/p>\n\n\n\n<p>\u201cAnte\ninstancias omisas, que desalientan y revictimizan a las mujeres que se atreven\na exigir justicia, es de reconocer la valent\u00eda y la fuerza de Soledad Jarqu\u00edn y\njunto a ella seguiremos exigiendo castigo a los culpables. \u00a1Justicia para\nSol!\u201d, refiri\u00f3.<\/p>\n\n\n\n<p>En un\nvideo en el que participa todo el equipo de GesMujer para pronunciare ante el\ncaso, Ximena Avellanada, quien fuera representante de la organizaci\u00f3n en a\u00f1os\npasados, coincidi\u00f3 en que existe una grave incapacidad e impunidad al interior\nde los \u00f3rganos de gobierno encargados de la procuraci\u00f3n de justicia en este y\nm\u00e1s de 400 feminicidios registrados en este sexenio.<\/p>\n\n\n\n<p>\u201cLa\nmuerte de Mar\u00eda del Sol as\u00ed como el asesinato de 429 mujeres en lo que va de\neste sexenio es una tragedia que nos agravia y no entristece profundamente m\u00e1s\na\u00fan cuando podemos ver y constatar la incapacidad e impunidad que los\ndiferentes \u00f3rganos de gobierno tienen en la procuraci\u00f3n de justicia\u201d, expuso.<\/p>\n\n\n\n<p>En un\ncomunicado, el equipo del organismo social lament\u00f3 que la procuraci\u00f3n e\nimpartici\u00f3n de justicia en Oaxaca, tenga un balance negativo en materia de\nviolencia por raz\u00f3n de g\u00e9nero, donde las omisiones, las negligencias y la falta\nde voluntad pol\u00edtica para atender, prevenir, sancionar y erradicar la violencia\nhacia las mujeres, han provocado que la violencia feminicida exista, se\nmantenga y se agrave en el estado.<\/p>\n\n\n\n<p>\u201cSoledad\nJarqu\u00edn, madre de Mar\u00eda del Sol, ha recorrido d\u00eda a d\u00eda, cada oficina, juzgado\ne instancia institucional que ha sido necesario, en busca de una justicia que\nno llega. Una y otra vez ha habido dilaci\u00f3n en las audiencias atribuidas a\nfallas t\u00e9cnicas, irregularidades en el proceso y negligencias\u201d, cit\u00f3.<\/p>\n\n\n\n<p>Tambi\u00e9n insisti\u00f3\nque la ineficiencia, carencia de sensibilidad y de comprensi\u00f3n del enfoque de\ng\u00e9nero siguen caracterizando al personal que tiene dentro de sus\nresponsabilidades atender a las mujeres en situaci\u00f3n de violencia y a las\nmujeres que como Soledad Jarqu\u00edn, siguen exigiendo justicia y en su camino a lo\nque se enfrentan es a una violencia institucional tipificada como delito en la\nLey General de Acceso de las Mujeres a una Vida Libre de Violencia y que debe\nser sancionada.<\/p>\n\n\n\n<p>Finalmente\nexplicaron que no solo Mar\u00eda del Sol Cruz Jarqu\u00edn, fue v\u00edctima de feminicidio,\nsino que Soledad Jarqu\u00edn ha sido re victimizada por un sistema de justicia\nomiso, raz\u00f3n por la que, a dos a\u00f1os de asesinato de la fotoperiodista,\ndemandaron una investigaci\u00f3n exhaustiva sobre la actuaci\u00f3n de&nbsp; las instancias que acci\u00f3n u omisi\u00f3n han\ndilatado u obstaculizado el acceso a la justicia.<\/p>\n\n\n\n<p>De acuerdo\ncon las declaraciones de la madre de la joven, son la Fiscal\u00eda General Justicia\ndel Estado, la Fiscal\u00eda Especializada en Delitos Electorales, el Tribunal de\nJusticia Administrativa, la Secretar\u00eda de Finanzas y el propio gobernador de\nOaxaca, quienes han evadido su responsabilidad y no han cumplido con la parte\nque les corresponde para brindar justicia para Mar\u00eda del Sol.<\/p>\n","protected":false},"excerpt":{"rendered":"<p>Evlin Arag\u00f3n\/Zona Roja. Oaxaca de Ju\u00e1rez, Oax., 2 de junio de 2020.- \u201cLa impunidad debe&hellip;<\/p>\n","protected":false},"author":2,"featured_media":13220,"comment_status":"closed","ping_status":"open","sticky":false,"template":"","format":"standard","meta":{"_lmt_disableupdate":"","_lmt_disable":"","_jetpack_memberships_contains_paid_content":false,"footnotes":""},"categories":[109,47],"tags":[1059,170],"class_list":["post-13219","post","type-post","status-publish","format-standard","has-post-thumbnail","hentry","category-minuto-a-minuto","category-zona-gris","tag-maria-del-sol-cruz-jarquin","tag-ruben-vasconcelos-mendez"],"jetpack_featured_media_url":"https:\/\/zonaroja.com.mx\/wp-content\/uploads\/2020\/06\/Familia-Sol-Jarqu\u00edn.png","jetpack_sharing_enabled":true,"_links":{"self":[{"href":"https:\/\/zonaroja.com.mx\/index.php?rest_route=\/wp\/v2\/posts\/13219","targetHints":{"allow":["GET"]}}],"collection":[{"href":"https:\/\/zonaroja.com.mx\/index.php?rest_route=\/wp\/v2\/posts"}],"about":[{"href":"https:\/\/zonaroja.com.mx\/index.php?rest_route=\/wp\/v2\/types\/post"}],"author":[{"embeddable":true,"href":"https:\/\/zonaroja.com.mx\/index.php?rest_route=\/wp\/v2\/users\/2"}],"replies":[{"embeddable":true,"href":"https:\/\/zonaroja.com.mx\/index.php?rest_route=%2Fwp%2Fv2%2Fcomments&post=13219"}],"version-history":[{"count":1,"href":"https:\/\/zonaroja.com.mx\/index.php?rest_route=\/wp\/v2\/posts\/13219\/revisions"}],"predecessor-version":[{"id":13221,"href":"https:\/\/zonaroja.com.mx\/index.php?rest_route=\/wp\/v2\/posts\/13219\/revisions\/13221"}],"wp:featuredmedia":[{"embeddable":true,"href":"https:\/\/zonaroja.com.mx\/index.php?rest_route=\/wp\/v2\/media\/13220"}],"wp:attachment":[{"href":"https:\/\/zonaroja.com.mx\/index.php?rest_route=%2Fwp%2Fv2%2Fmedia&parent=13219"}],"wp:term":[{"taxonomy":"category","embeddable":true,"href":"https:\/\/zonaroja.com.mx\/index.php?rest_route=%2Fwp%2Fv2%2Fcategories&post=13219"},{"taxonomy":"post_tag","embeddable":true,"href":"https:\/\/zonaroja.com.mx\/index.php?rest_route=%2Fwp%2Fv2%2Ftags&post=13219"}],"curies":[{"name":"wp","href":"https:\/\/api.w.org\/{rel}","templated":true}]}}