{"id":13225,"date":"2020-06-02T15:12:50","date_gmt":"2020-06-02T20:12:50","guid":{"rendered":"http:\/\/www.zonaroja.com.mx\/?p=13225"},"modified":"2020-06-02T15:12:53","modified_gmt":"2020-06-02T20:12:53","slug":"caen-remesas-ingresos-y-12-millones-sin-empleo-en-mexico-en-oaxaca-31-mil-desempleados","status":"publish","type":"post","link":"https:\/\/zonaroja.com.mx\/?p=13225","title":{"rendered":"Caen remesas, ingresos y 12 millones sin empleo en M\u00e9xico; en Oaxaca 31 mil desempleados"},"content":{"rendered":"\n<p>Redacci\u00f3n\/Zona\nRoja Cdmx.<\/p>\n\n\n\n<p>Ciudad de\nM\u00e9xico, 2 de junio de 2020.- Alrededor de 12.6 millones de personas del sector\nformal e informal dejaron de estar ocupados por la pandemia del Covid-19, ya\nsea porque fueron despedidos, pararon actividad por la contingencia o cerraron\nsus negocios.<\/p>\n\n\n\n<p>En el\ncaso de Oaxaca, fueron aproximadamente 31 mil 712 personas las afectadas por el\ndesempleo, de acuerdo con la \u00abEncuesta Telef\u00f3nica de Ocupaci\u00f3n y\nEmpleo\u00bb, del Inegi, dada a conocer ayer.<\/p>\n\n\n\n<p>Del total\na nivel nacional, 9.1 millones pararon en marzo y 3.5 millones en abril; y del\ntotal, 10.4 millones eran informales y el resto formales.<\/p>\n\n\n\n<p>Asimismo,\nde marzo a abril, la proporci\u00f3n de quienes reciben un salario m\u00ednimo pas\u00f3 de 22\npor ciento a 41.3 por ciento. Hasta dos salarios m\u00ednimos lo hizo de 36.2 a 31.4\npor ciento.<\/p>\n\n\n\n<p>Por si\nfuera poco, los hogares resintieron la ca\u00edda de las remesas. En abril la\ncaptaci\u00f3n de remesas familiares se desplom\u00f3 26.7 por ciento, su peor resultado\nmensual desde enero de 1999, seg\u00fan datos ajustados de Banxico.<\/p>\n\n\n\n<p>HABR\u00c1\nRECUPERACI\u00d3N<\/p>\n\n\n\n<p>No\nobstante, el gobierno de M\u00e9xico prev\u00e9 una r\u00e1pida recuperaci\u00f3n de la econom\u00eda,\naunque m\u00e1s lenta que la contracci\u00f3n provocada por los efectos de la pandemia\ndel coronavirus y que ir\u00eda de la mano con una mejora de los niveles del empleo,\ndijo el martes el secretario de Hacienda, Arturo Herrera.<\/p>\n\n\n\n<p>La\neconom\u00eda mexicana se contrajo un 1.2% entre enero y marzo, su peor declive en\n11 a\u00f1os, pese a que la actividad productiva a\u00fan no resent\u00eda de lleno los\nestragos del brote, que hasta ahora ha dejado m\u00e1s de 10,000 muertos en el pa\u00eds.<\/p>\n\n\n\n<p>Tanto el\ngobierno como el banco central anticipan que las afectaciones ocasionadas por\nla pandemia se profundizar\u00e1n en el segundo trimestre en la segunda mayor\neconom\u00eda de Am\u00e9rica Latina, que podr\u00eda caer hasta m\u00e1s de un 10% al cierre del\na\u00f1o, seg\u00fan algunos pron\u00f3sticos.<\/p>\n\n\n\n<p>\u00abProbablemente\nlo que nosotros vamos a ver es una recuperaci\u00f3n r\u00e1pida pero asim\u00e9trica, es\ndecir, va a ser importante pero no va a ser a la misma velocidad que cay\u00f3 (la\neconom\u00eda)\u00bb, dijo Herrera en un video publicado en redes sociales.<\/p>\n\n\n\n<p>DESEMPLEADOS\nNO SUPERAR\u00cdAN EL MILL\u00d3N<\/p>\n\n\n\n<p>M\u00e1s temprano,\nel presidente de M\u00e9xico, Andr\u00e9s Manuel L\u00f3pez Obrador, anticip\u00f3 que el n\u00famero de\nempleos formales que se perder\u00e1n por la crisis sanitaria y econ\u00f3mica actual\nser\u00e1 inferior al mill\u00f3n que \u00e9l mismo vaticin\u00f3 hace dos semanas, una cifra que\ntambi\u00e9n hab\u00eda pronosticado el sector empresarial.<\/p>\n\n\n\n<p>El\nmandatario afirm\u00f3 en su rueda de prensa diaria que tiene informes preliminares\nque apuntan a que en mayo habr\u00e1 350,000 nuevos desempleados, que se suman a los\n550,000 de abril, lo que dar\u00eda un aproximado de 900,000 trabajos destruidos en\nla coyuntura actual.<\/p>\n\n\n\n<p>\u00abYo\nestimo que si nos va bien, no va a superar el mill\u00f3n de empleos perdidos por la\npandemia\u00bb, dijo L\u00f3pez Obrador, al reconocer, sin embargo, que \u00abva a\nser m\u00e1s dif\u00edcil la situaci\u00f3n en abril, mayo, junio; se va a tocar fondo\u00bb.\nEl mandatario advirti\u00f3 que la recuperaci\u00f3n no empezar\u00eda sino hasta julio.<\/p>\n","protected":false},"excerpt":{"rendered":"<p>Redacci\u00f3n\/Zona Roja Cdmx. Ciudad de M\u00e9xico, 2 de junio de 2020.- Alrededor de 12.6 millones&hellip;<\/p>\n","protected":false},"author":2,"featured_media":13226,"comment_status":"closed","ping_status":"open","sticky":false,"template":"","format":"standard","meta":{"_lmt_disableupdate":"","_lmt_disable":"","_jetpack_memberships_contains_paid_content":false,"footnotes":""},"categories":[109,47],"tags":[],"class_list":["post-13225","post","type-post","status-publish","format-standard","has-post-thumbnail","hentry","category-minuto-a-minuto","category-zona-gris"],"jetpack_featured_media_url":"https:\/\/zonaroja.com.mx\/wp-content\/uploads\/2020\/06\/Desempleo-M\u00e9xico.jpg","jetpack_sharing_enabled":true,"_links":{"self":[{"href":"https:\/\/zonaroja.com.mx\/index.php?rest_route=\/wp\/v2\/posts\/13225","targetHints":{"allow":["GET"]}}],"collection":[{"href":"https:\/\/zonaroja.com.mx\/index.php?rest_route=\/wp\/v2\/posts"}],"about":[{"href":"https:\/\/zonaroja.com.mx\/index.php?rest_route=\/wp\/v2\/types\/post"}],"author":[{"embeddable":true,"href":"https:\/\/zonaroja.com.mx\/index.php?rest_route=\/wp\/v2\/users\/2"}],"replies":[{"embeddable":true,"href":"https:\/\/zonaroja.com.mx\/index.php?rest_route=%2Fwp%2Fv2%2Fcomments&post=13225"}],"version-history":[{"count":1,"href":"https:\/\/zonaroja.com.mx\/index.php?rest_route=\/wp\/v2\/posts\/13225\/revisions"}],"predecessor-version":[{"id":13227,"href":"https:\/\/zonaroja.com.mx\/index.php?rest_route=\/wp\/v2\/posts\/13225\/revisions\/13227"}],"wp:featuredmedia":[{"embeddable":true,"href":"https:\/\/zonaroja.com.mx\/index.php?rest_route=\/wp\/v2\/media\/13226"}],"wp:attachment":[{"href":"https:\/\/zonaroja.com.mx\/index.php?rest_route=%2Fwp%2Fv2%2Fmedia&parent=13225"}],"wp:term":[{"taxonomy":"category","embeddable":true,"href":"https:\/\/zonaroja.com.mx\/index.php?rest_route=%2Fwp%2Fv2%2Fcategories&post=13225"},{"taxonomy":"post_tag","embeddable":true,"href":"https:\/\/zonaroja.com.mx\/index.php?rest_route=%2Fwp%2Fv2%2Ftags&post=13225"}],"curies":[{"name":"wp","href":"https:\/\/api.w.org\/{rel}","templated":true}]}}