{"id":13228,"date":"2020-06-02T18:59:57","date_gmt":"2020-06-02T23:59:57","guid":{"rendered":"http:\/\/www.zonaroja.com.mx\/?p=13228"},"modified":"2020-06-02T19:00:01","modified_gmt":"2020-06-03T00:00:01","slug":"suspenden-atenciones-a-pacientes-covid-en-hospital-civil-de-oaxaca","status":"publish","type":"post","link":"https:\/\/zonaroja.com.mx\/?p=13228","title":{"rendered":"Suspenden atenciones a pacientes Covid en Hospital Civil de Oaxaca"},"content":{"rendered":"\n<p>Yuridiana\nSosa\/Zona Roja.<\/p>\n\n\n\n<p>Oaxaca de\nJu\u00e1rez, Oax., 2 de junio de 2020.- El Hospital General \u201cDr. Aurelio Valdivieso\u201d\ncerr\u00f3, de manera temporal, el \u00e1rea de hospitalizaci\u00f3n para pacientes de\ncoronavirus, por obras que realizan para adecuar debidamente el \u00e1rea que\natender\u00e1 a esos pacientes.<\/p>\n\n\n\n<p>El\nsecretario general de la Subsecci\u00f3n 07 de la Secci\u00f3n 35 del Sindicato Nacional\nde Trabajadores de Salud (SNTSA), Alberto V\u00e1squez San Germ\u00e1n, se\u00f1al\u00f3 que luego\nde los procedimientos m\u00e9dicos para el egreso de quienes ocuparon el \u00e1rea la\nsemana anterior, se retomaron los trabajos que quedaron pendientes ante la\nreconversi\u00f3n urgente del nosocomio para atender esos casos.<\/p>\n\n\n\n<p>Las\natenciones para los pacientes Covid-19 est\u00e1n limitadas a una consulta de Triage\nrespiratorio para conocer su cuadro cl\u00ednico; de ser necesario, se realiza la\nprueba para an\u00e1lisis cl\u00ednico, se refiere a otro nosocomio con atenciones de\neste tipo o se env\u00eda a aislamiento en casa, inform\u00f3.<\/p>\n\n\n\n<p>Se espera\nque los trabajos de rehabilitaci\u00f3n del \u00e1rea queden concluidos en el transcurso\nde esta semana para ofrecer nuevamente la atenci\u00f3n de hospitalizaci\u00f3n, la cual\nestar\u00e1 habilitada con nueve camas, seis de estas para adultos y tres para\ninfantes, con respiradores \u201csuficientes\u201d para el n\u00famero de camas, dijo el\nm\u00e9dico a ZONA ROJA.<\/p>\n\n\n\n<p>El\nrepresentante sindical agreg\u00f3 que hasta el momento ya cuentan con equipos de\nprotecci\u00f3n personal para la plantilla de trabajadores, entregados tanto por\ndonaciones de asociaciones, legisladores, como por los Servicios de Salud de\nOaxaca.<\/p>\n\n\n\n<p>Pero,\nindic\u00f3, a\u00fan se requiere de insumos y medicamentos, tanto para el \u00e1rea de Covid,\ncomo el \u00e1rea general, pues el nosocomio no ha detenido las atenciones de\nurgencias de otras especialidades, para las que incluso se carece de jeringas.<\/p>\n\n\n\n<p>En cuanto\nal n\u00famero del personal m\u00e9dico, el secretario general de la Subsecci\u00f3n 07 dijo\nque cuentan con la cantidad suficiente para las atenciones Covid, pues esta\nsemana se reincorporar\u00e1n a sus actividades algunos que se ausentaron por\ndiferentes circunstancias.<\/p>\n","protected":false},"excerpt":{"rendered":"<p>Yuridiana Sosa\/Zona Roja. Oaxaca de Ju\u00e1rez, Oax., 2 de junio de 2020.- El Hospital General&hellip;<\/p>\n","protected":false},"author":2,"featured_media":13230,"comment_status":"closed","ping_status":"open","sticky":false,"template":"","format":"standard","meta":{"_lmt_disableupdate":"","_lmt_disable":"","_jetpack_memberships_contains_paid_content":false,"footnotes":""},"categories":[109,47],"tags":[1512],"class_list":["post-13228","post","type-post","status-publish","format-standard","has-post-thumbnail","hentry","category-minuto-a-minuto","category-zona-gris","tag-coronavirus-oaxaca"],"jetpack_featured_media_url":"https:\/\/zonaroja.com.mx\/wp-content\/uploads\/2020\/06\/Hospital-Civil-Oaxaca.png","jetpack_sharing_enabled":true,"_links":{"self":[{"href":"https:\/\/zonaroja.com.mx\/index.php?rest_route=\/wp\/v2\/posts\/13228","targetHints":{"allow":["GET"]}}],"collection":[{"href":"https:\/\/zonaroja.com.mx\/index.php?rest_route=\/wp\/v2\/posts"}],"about":[{"href":"https:\/\/zonaroja.com.mx\/index.php?rest_route=\/wp\/v2\/types\/post"}],"author":[{"embeddable":true,"href":"https:\/\/zonaroja.com.mx\/index.php?rest_route=\/wp\/v2\/users\/2"}],"replies":[{"embeddable":true,"href":"https:\/\/zonaroja.com.mx\/index.php?rest_route=%2Fwp%2Fv2%2Fcomments&post=13228"}],"version-history":[{"count":1,"href":"https:\/\/zonaroja.com.mx\/index.php?rest_route=\/wp\/v2\/posts\/13228\/revisions"}],"predecessor-version":[{"id":13231,"href":"https:\/\/zonaroja.com.mx\/index.php?rest_route=\/wp\/v2\/posts\/13228\/revisions\/13231"}],"wp:featuredmedia":[{"embeddable":true,"href":"https:\/\/zonaroja.com.mx\/index.php?rest_route=\/wp\/v2\/media\/13230"}],"wp:attachment":[{"href":"https:\/\/zonaroja.com.mx\/index.php?rest_route=%2Fwp%2Fv2%2Fmedia&parent=13228"}],"wp:term":[{"taxonomy":"category","embeddable":true,"href":"https:\/\/zonaroja.com.mx\/index.php?rest_route=%2Fwp%2Fv2%2Fcategories&post=13228"},{"taxonomy":"post_tag","embeddable":true,"href":"https:\/\/zonaroja.com.mx\/index.php?rest_route=%2Fwp%2Fv2%2Ftags&post=13228"}],"curies":[{"name":"wp","href":"https:\/\/api.w.org\/{rel}","templated":true}]}}