{"id":13240,"date":"2020-06-03T07:48:14","date_gmt":"2020-06-03T12:48:14","guid":{"rendered":"http:\/\/www.zonaroja.com.mx\/?p=13240"},"modified":"2020-06-03T07:48:17","modified_gmt":"2020-06-03T12:48:17","slug":"confirman-tortura-y-asesinato-de-joven-estudiante-en-la-costa","status":"publish","type":"post","link":"https:\/\/zonaroja.com.mx\/?p=13240","title":{"rendered":"Confirman tortura y asesinato de joven estudiante en la Costa"},"content":{"rendered":"\n<p>Redacci\u00f3n\/Zona\nRoja.<\/p>\n\n\n\n<p>Oaxaca de\nJu\u00e1rez, Oax., 3 de junio de 2020.- Con huellas de tortura, maniatado y tres\ndisparos de arma de fuego en la cabeza, fue hallado un joven estudiante en la\nregi\u00f3n coste\u00f1a, confirmaron fuentes de la Vicefiscal\u00eda Regional de la Costa,\ndependiente de la Fiscal\u00eda General del Estado de Oaxaca.<\/p>\n\n\n\n<p>Fue el\npasado domingo aproximadamente a las 15:30 horas en que localizaron el cad\u00e1ver\nde Omar A. S., de 18 a\u00f1os de edad, en el paraje \u201cDo\u00f1a Acacia\u201d de la comunidad\nde Atotonilco, del municipio de Santiago Jamiltepec.<\/p>\n\n\n\n<p>Era\nestudiante del Colegio de Estudios Cient\u00edficos y Tecnol\u00f3gicos de Oaxaca\n(Cecyte), plantel 12 en Santiago Jamiltepec, y adem\u00e1s trabajador de una tienda\nde autoservicio.<\/p>\n\n\n\n<p>Fue\npersonal de la Polic\u00eda Estatal y de la Polic\u00eda Municipal de Jamiltepec quienes\nlocalizaron el cuerpo, atado de pies y manos, tras lo cual intervino personal\nde la Agencia Estatal de Investigaciones (AEI).<\/p>\n\n\n\n<p>Durante\nla inspecci\u00f3n, localizaron en el lugar tres casquillos percutidos al parecer\ncalibre 9 mm y los restos fueron trasladados al pante\u00f3n municipal para la\npr\u00e1ctica de la necropsia de ley.<\/p>\n\n\n\n<p>El joven\nfue identificado como Omar A.S., de 18 a\u00f1os de edad; adem\u00e1s de estudiar,\ntrabajaba en la tienda de abarrotes Vigil Toscano (Vigis) ubicada a un costado\nde la carretera federal 200, en Jamiltepec.<\/p>\n","protected":false},"excerpt":{"rendered":"<p>Redacci\u00f3n\/Zona Roja. Oaxaca de Ju\u00e1rez, Oax., 3 de junio de 2020.- Con huellas de tortura,&hellip;<\/p>\n","protected":false},"author":2,"featured_media":13241,"comment_status":"closed","ping_status":"open","sticky":false,"template":"","format":"standard","meta":{"_lmt_disableupdate":"","_lmt_disable":"","_jetpack_memberships_contains_paid_content":false,"footnotes":""},"categories":[109,51],"tags":[797],"class_list":["post-13240","post","type-post","status-publish","format-standard","has-post-thumbnail","hentry","category-minuto-a-minuto","category-zona-roja","tag-santiago-jamiltepec"],"jetpack_featured_media_url":"https:\/\/zonaroja.com.mx\/wp-content\/uploads\/2020\/06\/Omar-Jamiltepec.jpg","jetpack_sharing_enabled":true,"_links":{"self":[{"href":"https:\/\/zonaroja.com.mx\/index.php?rest_route=\/wp\/v2\/posts\/13240","targetHints":{"allow":["GET"]}}],"collection":[{"href":"https:\/\/zonaroja.com.mx\/index.php?rest_route=\/wp\/v2\/posts"}],"about":[{"href":"https:\/\/zonaroja.com.mx\/index.php?rest_route=\/wp\/v2\/types\/post"}],"author":[{"embeddable":true,"href":"https:\/\/zonaroja.com.mx\/index.php?rest_route=\/wp\/v2\/users\/2"}],"replies":[{"embeddable":true,"href":"https:\/\/zonaroja.com.mx\/index.php?rest_route=%2Fwp%2Fv2%2Fcomments&post=13240"}],"version-history":[{"count":1,"href":"https:\/\/zonaroja.com.mx\/index.php?rest_route=\/wp\/v2\/posts\/13240\/revisions"}],"predecessor-version":[{"id":13242,"href":"https:\/\/zonaroja.com.mx\/index.php?rest_route=\/wp\/v2\/posts\/13240\/revisions\/13242"}],"wp:featuredmedia":[{"embeddable":true,"href":"https:\/\/zonaroja.com.mx\/index.php?rest_route=\/wp\/v2\/media\/13241"}],"wp:attachment":[{"href":"https:\/\/zonaroja.com.mx\/index.php?rest_route=%2Fwp%2Fv2%2Fmedia&parent=13240"}],"wp:term":[{"taxonomy":"category","embeddable":true,"href":"https:\/\/zonaroja.com.mx\/index.php?rest_route=%2Fwp%2Fv2%2Fcategories&post=13240"},{"taxonomy":"post_tag","embeddable":true,"href":"https:\/\/zonaroja.com.mx\/index.php?rest_route=%2Fwp%2Fv2%2Ftags&post=13240"}],"curies":[{"name":"wp","href":"https:\/\/api.w.org\/{rel}","templated":true}]}}