{"id":13243,"date":"2020-06-03T08:03:28","date_gmt":"2020-06-03T13:03:28","guid":{"rendered":"http:\/\/www.zonaroja.com.mx\/?p=13243"},"modified":"2020-06-03T09:59:34","modified_gmt":"2020-06-03T14:59:34","slug":"declara-tepjf-violencia-politica-por-parte-de-dante-montano-contra-regidora","status":"publish","type":"post","link":"https:\/\/zonaroja.com.mx\/?p=13243","title":{"rendered":"Confirma TEPJF violencia pol\u00edtica por parte de Dante Monta\u00f1o contra regidora"},"content":{"rendered":"\n<p>Yuridiana\nSosa\/Zona Roja.<\/p>\n\n\n\n<p>Oaxaca de\nJu\u00e1rez, Oax., 3 de junio de 2020.- El Tribunal Electoral del Poder Judicial de\nla Federaci\u00f3n (TEPJF) determin\u00f3 este martes la existencia de violencia pol\u00edtica\nen raz\u00f3n de g\u00e9nero contra una regidora del ayuntamiento de Santa Luc\u00eda del\nCamino, Oaxaca, ejercida por el edil Dante Monta\u00f1o Montero.<\/p>\n\n\n\n<p>En\nsesi\u00f3n, el pleno de la Sala Regional Xalapa tambi\u00e9n dict\u00f3 medidas de reparaci\u00f3n\nintegral a favor de la regidora agredida debido a las amenazas, hostigamiento e\nintimidaci\u00f3n que ha recibido por parte del presidente municipal.<\/p>\n\n\n\n<p>En\ndiciembre pasado, la regidora de Equidad de G\u00e9nero y Grupos Vulnerables del\nmunicipio de Santa Luc\u00eda del Camino, Nallely Ortiz Jim\u00e9nez, denunci\u00f3 la\nviolencia pol\u00edtica que sufr\u00eda por parte del presidente Monta\u00f1o Montero, del\nPartido Morena.<\/p>\n\n\n\n<p>El edil,\ndijo, comenz\u00f3 con una serie de amenazas y actos intimidatorios luego de\nexigirle como integrante del cabildo el cumplimiento de las sesiones y la\ntransparencia de la aplicaci\u00f3n de los recursos p\u00fablicos.<\/p>\n\n\n\n<p>Adem\u00e1s,\nlas acciones en su contra tambi\u00e9n se atribuyeron por la defensa de la base\ntrabajadora, a la que se le hab\u00eda disminuido el salario sin motivos aparentes;\npor estas acciones sufri\u00f3 de la retenci\u00f3n del salario del personal a su cargo,\ny en consecuencia sin personal para esa regidur\u00eda.<\/p>\n\n\n\n<p>La\nagraviada explic\u00f3 en conferencia de prensa en diciembre de 2019 que present\u00f3\nuna denuncia ante la Fiscal\u00eda General del Estado, integrada en la carpeta de\ninvestigaci\u00f3n FGEO\/FEDE\/972\/2019, por los diversos actos violentos y mis\u00f3ginos\nque sufri\u00f3 desde el inicio de la administraci\u00f3n.<\/p>\n\n\n\n<p>SIGUI\u00d3\nVIOLENCIA<\/p>\n\n\n\n<p>\u201cLa\nviolencia pol\u00edtica en mi contra se origin\u00f3 por exigirle al mun\u00edcipe cumplir en\ntiempo y forma con la realizaci\u00f3n de las sesiones de Cabildo, como lo marca la\nLey Org\u00e1nica Municipal, y al inconformarme por impedirme la revisi\u00f3n del\nPresupuesto de Egresos para el ejercicio 2020 y la discusi\u00f3n con el cabildo, a\nfinales del a\u00f1o pasado.<\/p>\n\n\n\n<p>\u201cIniciaron\nuna serie de actos que buscaban impedir el desempe\u00f1o de mi cargo. Desde el\ndespido de personal adscrito a mi \u00e1rea, negaci\u00f3n de mobiliario y material de\noficina, cancelaci\u00f3n de mi pago, hasta la humillaci\u00f3n y discriminaci\u00f3n tanto en\np\u00fablico como en redes sociales y medios de comunicaci\u00f3n\u201d, dijo hoy la regidora\nen un comunicado.<\/p>\n\n\n\n<p>La Sala\nXalapa inform\u00f3 que decidi\u00f3 resolver este asunto en sesi\u00f3n no presencial por\nvideoconferencia de este 02 de junio, ante la emergencia sanitaria provocada\npor el virus Covid-19, al considerarla urgente, pues demorar su resoluci\u00f3n\npodr\u00eda ocasionar alg\u00fan da\u00f1o irreparable en contra de los derechos\npol\u00edticos-electorales de su promovente.<\/p>\n\n\n\n<p>\u201cQuiero se\u00f1alar\nque nunca cesaron las acciones en mi contra por lo que tuve que cambiar mi\ndomicilio en diversas ocasiones, no obstante, el edil Monta\u00f1o Montero enviaba a\nsus emisarios a intimidarme. Lamentablemente no hay en la entidad instituciones\nlo suficientemente s\u00f3lidas y comprometidas que atiendan con seriedad este tipo\nde delitos, consignados en la Ley Estatal de Acceso de las Mujeres a una Vida\nLibre de Violencia.<\/p>\n\n\n\n<p>\u201cLuego de\ntocar muchas puertas de dependencias sin encontrar el apoyo necesario, en enero\nde este a\u00f1o interpuse un Juicio para la Protecci\u00f3n de los Derechos Pol\u00edtico\nElectorales del Ciudadano registrado con la clave JDC\/13\/2020, del cual se\nderivaron medidas de protecci\u00f3n a mi favor\u201d, expuso.<\/p>\n\n\n\n<p>No obstante,\nel Tribunal Electoral del Estado de Oaxaca hab\u00eda determinado que no se incurri\u00f3\nen violencia pol\u00edtica y de g\u00e9nero, determinaci\u00f3n que fue revocada ayer por el\nTribunal Electoral del Poder Judicial.<\/p>\n\n\n\n<p>\u201cAunque\nlos integrantes del ayuntamiento de Santa Luc\u00eda del Camino por ordenamiento del\nTEEO deb\u00edan abstenerse de realizar conductas lesivas en mi contra y de mi\nfamilia, continuaron amedrent\u00e1ndome de diversas formas, en medio de un mayor\nriesgo para mi integridad f\u00edsica cuando este tribunal determin\u00f3 no acreditar\nviolencia pol\u00edtica, pese a todas las pruebas presentadas, adem\u00e1s dejando sin\nefecto las medidas de protecci\u00f3n\u201d.<\/p>\n\n\n\n<p>La Sala\nXalapa s\u00ed tom\u00f3 en cuenta todas las pruebas expuestas y tras su fallo, espero\nque las instituciones en Oaxaca est\u00e9n a la altura para hacer cumplir y vigilar\nel cumplimiento de esa determinaci\u00f3n, y pido respetuosamente a las\norganizaciones de la sociedad civil que me acompa\u00f1en a mantenernos pendientes\nde la aplicaci\u00f3n de las sanciones establecidas en la ley, marcando un antes y\nun despu\u00e9s en t\u00e9rminos de justicia ante la violencia pol\u00edtica en raz\u00f3n de\ng\u00e9nero, que como sociedad democr\u00e1tica que nos preciamos de ser, nunca debemos\npermitir\u201d, remarc\u00f3 Nalley Ortiz.<\/p>\n\n\n\n<p>&nbsp;Y NULA TRANSPARENCIA<\/p>\n\n\n\n<p>Por su\nparte, este fin de semana el Instituto de Acceso a la Informaci\u00f3n P\u00fablica y\nProtecci\u00f3n de Datos Personales (IAIPO) emiti\u00f3 una recomendaci\u00f3n al ayuntamiento\nConstitucional de Santa Luc\u00eda del Camino, catalogado con la calidad de Sujeto Obligado,\nmismo que a la fecha cuenta con un total de 35 casos confirmados del virus\nCovid-19.<\/p>\n\n\n\n<p>\u201cEl Pleno\ndel IAIPO recomend\u00f3 al H. Ayuntamiento de Santa Luc\u00eda del Camino publicar de\nmanera proactiva en los medios electr\u00f3nicos de los que disponga, de manera\nenunciativa y no limitativa, los programas de prevenci\u00f3n, protocolos, filtros\nsanitarios y acciones que est\u00e9 implementando con motivo de la emergencia sanitaria\ngenerada por el virus SARS-CoV2 (COVID-19).<\/p>\n\n\n\n<p>\u201cAsimismo,\ndeber\u00e1 publicar la informaci\u00f3n en datos abiertos del n\u00famero de personas o\nestablecimientos que han sido sancionados por incumplimiento de las medidas\nsanitarias impuestas, informaci\u00f3n desagregada por tipo de sanci\u00f3n,\nestablecimiento, g\u00e9nero y edad, seg\u00fan sea el caso\u201d, refiri\u00f3 en un comunicado.<\/p>\n","protected":false},"excerpt":{"rendered":"<p>Yuridiana Sosa\/Zona Roja. Oaxaca de Ju\u00e1rez, Oax., 3 de junio de 2020.- El Tribunal Electoral&hellip;<\/p>\n","protected":false},"author":2,"featured_media":13244,"comment_status":"closed","ping_status":"open","sticky":false,"template":"","format":"standard","meta":{"_lmt_disableupdate":"","_lmt_disable":"","_jetpack_memberships_contains_paid_content":false,"footnotes":""},"categories":[109,47],"tags":[1731,337],"class_list":["post-13243","post","type-post","status-publish","format-standard","has-post-thumbnail","hentry","category-minuto-a-minuto","category-zona-gris","tag-nallely-ortiz-jimenez","tag-santa-lucia-del-camino"],"jetpack_featured_media_url":"https:\/\/zonaroja.com.mx\/wp-content\/uploads\/2020\/06\/Nalley-Ortiz-Jim\u00e9nez.jpeg","jetpack_sharing_enabled":true,"_links":{"self":[{"href":"https:\/\/zonaroja.com.mx\/index.php?rest_route=\/wp\/v2\/posts\/13243","targetHints":{"allow":["GET"]}}],"collection":[{"href":"https:\/\/zonaroja.com.mx\/index.php?rest_route=\/wp\/v2\/posts"}],"about":[{"href":"https:\/\/zonaroja.com.mx\/index.php?rest_route=\/wp\/v2\/types\/post"}],"author":[{"embeddable":true,"href":"https:\/\/zonaroja.com.mx\/index.php?rest_route=\/wp\/v2\/users\/2"}],"replies":[{"embeddable":true,"href":"https:\/\/zonaroja.com.mx\/index.php?rest_route=%2Fwp%2Fv2%2Fcomments&post=13243"}],"version-history":[{"count":2,"href":"https:\/\/zonaroja.com.mx\/index.php?rest_route=\/wp\/v2\/posts\/13243\/revisions"}],"predecessor-version":[{"id":13247,"href":"https:\/\/zonaroja.com.mx\/index.php?rest_route=\/wp\/v2\/posts\/13243\/revisions\/13247"}],"wp:featuredmedia":[{"embeddable":true,"href":"https:\/\/zonaroja.com.mx\/index.php?rest_route=\/wp\/v2\/media\/13244"}],"wp:attachment":[{"href":"https:\/\/zonaroja.com.mx\/index.php?rest_route=%2Fwp%2Fv2%2Fmedia&parent=13243"}],"wp:term":[{"taxonomy":"category","embeddable":true,"href":"https:\/\/zonaroja.com.mx\/index.php?rest_route=%2Fwp%2Fv2%2Fcategories&post=13243"},{"taxonomy":"post_tag","embeddable":true,"href":"https:\/\/zonaroja.com.mx\/index.php?rest_route=%2Fwp%2Fv2%2Ftags&post=13243"}],"curies":[{"name":"wp","href":"https:\/\/api.w.org\/{rel}","templated":true}]}}