{"id":13251,"date":"2020-06-03T14:11:53","date_gmt":"2020-06-03T19:11:53","guid":{"rendered":"http:\/\/www.zonaroja.com.mx\/?p=13251"},"modified":"2020-06-03T14:11:56","modified_gmt":"2020-06-03T19:11:56","slug":"muere-regidor-de-santa-lucia-por-probable-covid-cierran-citibanamex-ante-infectado","status":"publish","type":"post","link":"https:\/\/zonaroja.com.mx\/?p=13251","title":{"rendered":"Muere regidor de Santa Luc\u00eda por probable Covid; cierran Citibanamex ante infectado"},"content":{"rendered":"\n<p>Yuridiana\nSosa\/Zona Roja.<\/p>\n\n\n\n<p>Oaxaca de\nJu\u00e1rez, Oax., 3 de junio de 2020.- El regidor de Reglamentos y Ordenanzas del\nmunicipio de Santa Luc\u00eda del Camino, Antonio Pacheco Ram\u00edrez, falleci\u00f3 esta\nma\u00f1ana de mi\u00e9rcoles, presuntamente v\u00edctima del coronavirus Covid-19.<\/p>\n\n\n\n<p>En tanto,\nen una cl\u00ednica de Santa Cruz Xoxocotl\u00e1n se report\u00f3 hoy tambi\u00e9n otro deceso,\nprobable relacionado con la pandemia, mientras que la sucursal de Citibanamex\nfue cerrada tras atender a un cliente con contagio.<\/p>\n\n\n\n<p>De\nacuerdo a los reportes preliminares, el concejal de Santa Luc\u00eda del Camino muri\u00f3\nen la cl\u00ednica de este municipio conurbado a la capital oaxaque\u00f1a, el cual\nacumula 62 casos confirmados de Covid-19 al corte de los Servicios de Salud de\nOaxaca de este 2 de junio.<\/p>\n\n\n\n<p>Entre las\n\u00faltimas funciones que desempe\u00f1\u00f3 Pacheco Ram\u00edrez como regidor fue coordinar y\nformar parte la entrega de despensas como parte del programa de subsidio a la\ncanasta b\u00e1sica del ayuntamiento municipal.<\/p>\n\n\n\n<p>V\u00eda telef\u00f3nica a una radiodifusora, el edil surgido del Partido Morena, Dante Monta\u00f1o, asegur\u00f3 que fue por un paro cardiorespiratorio, aunque evit\u00f3 confirmar su fue por Covid.<\/p>\n\n\n\n<figure class=\"wp-block-embed-twitter wp-block-embed is-type-rich is-provider-twitter\"><div class=\"wp-block-embed__wrapper\">\n<div class=\"twitter-tweet\"><blockquote class=\"twitter-tweet\" data-lang=\"es\"><p lang=\"es\" dir=\"ltr\"><a href=\"https:\/\/twitter.com\/hashtag\/ENVIVO?src=hash&amp;ref_src=twsrc%5Etfw\">#ENVIVO<\/a><br>Santa Luc\u00eda del Camino, Oax., 3 de junio de 2020.- En la cl\u00ednica municipal fallece el regidor de Reglamento y Ordenananzas, Antonio Pacheco Ram\u00edrez; la polic\u00eda cerca las calles, aleda\u00f1as al palacio municipal. <br>\ud83d\udc47<a href=\"https:\/\/t.co\/Jy50HJZk8K\">https:\/\/t.co\/Jy50HJZk8K<\/a> <a href=\"https:\/\/t.co\/q2cV9CFynC\">pic.twitter.com\/q2cV9CFynC<\/a><\/p>&mdash; Zona Roja Oaxaca (@MexRoja) <a href=\"https:\/\/twitter.com\/MexRoja\/status\/1268227899364003841?ref_src=twsrc%5Etfw\">3 de junio de 2020<\/a><\/blockquote><\/div>\n<\/div><\/figure>\n\n\n\n<p>\u201cAproximadamente\na las 10:15 falleci\u00f3 en un paro de insuficiencia respiratoria; lamento informar\nque el compa\u00f1ero falleci\u00f3\u2026 seguramente van a querer denostar nuestra actuaci\u00f3n\u2026\nno s\u00e9 si es Covid pero creo que esto es muestra real de que hay una epidemia\nfuera de control\u201d, dijo.<\/p>\n\n\n\n<p>La cl\u00ednica se encuentra en la calle Del Trabajo, a una cuadra del palacio municipal, y entre las calles Siracuza y Ju\u00e1rez, las cuales fueron cerradas en todos sus accesos por parte de elementos de la polic\u00eda municipal, mientras personal ministerial realizaba sus labores.<\/p>\n\n\n\n<p>Los vecinos de la cabecera municipal de manera frecuente han denunciado que el edil no ha emprendido acciones para prevenir contagios; tampoco hay sanitizaci\u00f3n de espacios p\u00fablicos y los comercios de todo tipo siguen abiertos al p\u00fablico sin restricciones.<\/p>\n\n\n\n<p>Mientras\ntanto, en una cl\u00ednica de Santa Cruz Xoxocotl\u00e1n tambi\u00e9n falleci\u00f3 otra persona,\npresuntamente por el coronavirus, lo cual no fue confirmada ni la identidad ni\nlas causas del deceso.<\/p>\n\n\n\n<p>CIERRAN\nBANCO PORSOSPECHOSO <\/p>\n\n\n\n<p>En tanto, la sucursal de Citibanamex ubicada en la colonia Reforma en la capital del estado fue cerrada de forma emergente la ma\u00f1ana de este mi\u00e9rcoles ante la presencia, supuestamente, de un cliente con coronavirus.<\/p>\n\n\n\n<figure class=\"wp-block-embed-twitter wp-block-embed is-type-rich is-provider-twitter\"><div class=\"wp-block-embed__wrapper\">\n<div class=\"twitter-tweet\"><blockquote class=\"twitter-tweet\" data-lang=\"es\"><p lang=\"es\" dir=\"ltr\"><a href=\"https:\/\/twitter.com\/hashtag\/ENVIVO?src=hash&amp;ref_src=twsrc%5Etfw\">#ENVIVO<\/a><br>Oaxaca de Ju\u00e1rez, Oax., 3 de junio de 2020.- Detectan que iba persona con Covid-19 ingres\u00f3 a la surcursal bancaria Citibanamex de la calzada Porfirio D\u00edaz, colonia Reforma, y cierran las instalaciones.<br>\ud83d\udc47 aqu\u00ed la transmisi\u00f3n:<a href=\"https:\/\/t.co\/nmFg6mhmSC\">https:\/\/t.co\/nmFg6mhmSC<\/a> <a href=\"https:\/\/t.co\/p3AIHBKxrV\">pic.twitter.com\/p3AIHBKxrV<\/a><\/p>&mdash; Zona Roja Oaxaca (@MexRoja) <a href=\"https:\/\/twitter.com\/MexRoja\/status\/1268213996395433985?ref_src=twsrc%5Etfw\">3 de junio de 2020<\/a><\/blockquote><\/div>\n<\/div><\/figure>\n\n\n\n<p>De forma\nextraoficial se inform\u00f3 que durante el filtro sanitario para ingresar al banco\nse detect\u00f3 a una personal con s\u00edntomas, mientras que tambi\u00e9n se inform\u00f3 que\nentre la documentaci\u00f3n presentada para realizar sus tr\u00e1mites se encontr\u00f3 un\nestudio m\u00e9dico que indicaba la positividad de la enfermedad.<\/p>\n\n\n\n<p>La\nempresa cerr\u00f3 sus servicios para realizar la sanitizaci\u00f3n del espacio para\nseguridad del personal y de los clientes.<\/p>\n\n\n\n<p>Durante\nel tiempo de limpieza algunos clientes permanecieron en la fila en espera de\nnuevas indicaciones del personal para ser atendidos, quienes en su mayor\u00eda\nfueron personas adultas mayores.<\/p>\n\n\n\n<p>Inicialmente\na los clientes se les ofreci\u00f3 una ficha por el cual podr\u00edan ingresar a realizar\nsus tr\u00e1mites luego que concluyera la sanitizaci\u00f3n; sin embargo, al mediod\u00eda les\nfue informado que la sucursal qued\u00f3 cerrada durante todo el d\u00eda.<\/p>\n","protected":false},"excerpt":{"rendered":"<p>Yuridiana Sosa\/Zona Roja. Oaxaca de Ju\u00e1rez, Oax., 3 de junio de 2020.- El regidor de&hellip;<\/p>\n","protected":false},"author":2,"featured_media":13252,"comment_status":"closed","ping_status":"open","sticky":false,"template":"","format":"standard","meta":{"_lmt_disableupdate":"","_lmt_disable":"","_jetpack_memberships_contains_paid_content":false,"footnotes":""},"categories":[109,47],"tags":[337],"class_list":["post-13251","post","type-post","status-publish","format-standard","has-post-thumbnail","hentry","category-minuto-a-minuto","category-zona-gris","tag-santa-lucia-del-camino"],"jetpack_featured_media_url":"https:\/\/zonaroja.com.mx\/wp-content\/uploads\/2020\/06\/Regidor-Santa-Luc\u00eda.png","jetpack_sharing_enabled":true,"_links":{"self":[{"href":"https:\/\/zonaroja.com.mx\/index.php?rest_route=\/wp\/v2\/posts\/13251","targetHints":{"allow":["GET"]}}],"collection":[{"href":"https:\/\/zonaroja.com.mx\/index.php?rest_route=\/wp\/v2\/posts"}],"about":[{"href":"https:\/\/zonaroja.com.mx\/index.php?rest_route=\/wp\/v2\/types\/post"}],"author":[{"embeddable":true,"href":"https:\/\/zonaroja.com.mx\/index.php?rest_route=\/wp\/v2\/users\/2"}],"replies":[{"embeddable":true,"href":"https:\/\/zonaroja.com.mx\/index.php?rest_route=%2Fwp%2Fv2%2Fcomments&post=13251"}],"version-history":[{"count":1,"href":"https:\/\/zonaroja.com.mx\/index.php?rest_route=\/wp\/v2\/posts\/13251\/revisions"}],"predecessor-version":[{"id":13253,"href":"https:\/\/zonaroja.com.mx\/index.php?rest_route=\/wp\/v2\/posts\/13251\/revisions\/13253"}],"wp:featuredmedia":[{"embeddable":true,"href":"https:\/\/zonaroja.com.mx\/index.php?rest_route=\/wp\/v2\/media\/13252"}],"wp:attachment":[{"href":"https:\/\/zonaroja.com.mx\/index.php?rest_route=%2Fwp%2Fv2%2Fmedia&parent=13251"}],"wp:term":[{"taxonomy":"category","embeddable":true,"href":"https:\/\/zonaroja.com.mx\/index.php?rest_route=%2Fwp%2Fv2%2Fcategories&post=13251"},{"taxonomy":"post_tag","embeddable":true,"href":"https:\/\/zonaroja.com.mx\/index.php?rest_route=%2Fwp%2Fv2%2Ftags&post=13251"}],"curies":[{"name":"wp","href":"https:\/\/api.w.org\/{rel}","templated":true}]}}