{"id":13254,"date":"2020-06-03T14:41:39","date_gmt":"2020-06-03T19:41:39","guid":{"rendered":"http:\/\/www.zonaroja.com.mx\/?p=13254"},"modified":"2020-06-03T15:20:30","modified_gmt":"2020-06-03T20:20:30","slug":"no-cesan-ejecuciones-en-tuxtepec-ahora-fue-hijo-de-ex-diputado-federal-del-pri","status":"publish","type":"post","link":"https:\/\/zonaroja.com.mx\/?p=13254","title":{"rendered":"No cesan ejecuciones en Tuxtepec; ahora fue hijo de ex diputado federal del PRI"},"content":{"rendered":"\n<p>Redacci\u00f3n\/Zona\nRoja.<\/p>\n\n\n\n<p>Oaxaca de\nJu\u00e1rez, Oax., 3 de junio de 2020.- En un ataque armado perpetrado al mediod\u00eda\nde este mi\u00e9rcoles, fue asesinado Gerardo Reyes Conti, hijo del ex diputado\nfederal del PRI por el distrito de Tuxtepec, Silvino Reyes T\u00e9llez.<\/p>\n\n\n\n<p>De\nacuerdo con el reporte policial, el hecho se registr\u00f3 alrededor de las 12:30\nhoras frente a la tienda de abarrotes propiedad de la familia del ex\nlegislador, ubicado en zona habitacional del fraccionamiento Los \u00c1ngeles.<\/p>\n\n\n\n<p>La\nv\u00edctima de 36 a\u00f1os de edad qued\u00f3 sin vida al interior de una camioneta, sobre\nla avenida V\u00edctor Bravo Ah\u00faja, hasta donde lleg\u00f3 el empresario para la\nidentificaci\u00f3n del cuerpo.<\/p>\n\n\n\n<p>El \u00e1rea\nfue acordonada por elementos de seguridad de la Polic\u00eda Municipal, Estatal y\nelementos del Ej\u00e9rcito Mexicano.<\/p>\n\n\n\n<p>En un video publicado por el medio informativo \u201cEl Pi\u00f1ero\u201d, Silvino Reyes, el padre de la v\u00edctima, expres\u00f3:<\/p>\n\n\n\n<figure class=\"wp-block-embed-twitter wp-block-embed is-type-rich is-provider-twitter\"><div class=\"wp-block-embed__wrapper\">\n<div class=\"twitter-tweet\"><blockquote class=\"twitter-tweet\" data-lang=\"es\"><p lang=\"es\" dir=\"ltr\">\u2b1b Don Silvino Reyes pide justicia ante el asesinato de su hijo Gerardo Reyes Conti &quot;Tomat\u00edn&quot;<a href=\"https:\/\/twitter.com\/hashtag\/Tuxtepec?src=hash&amp;ref_src=twsrc%5Etfw\">#Tuxtepec<\/a> <a href=\"https:\/\/twitter.com\/hashtag\/Oaxaca?src=hash&amp;ref_src=twsrc%5Etfw\">#Oaxaca<\/a> <a href=\"https:\/\/t.co\/aj0PW1JBOi\">pic.twitter.com\/aj0PW1JBOi<\/a><\/p>&mdash; El Pi\u00f1ero| Periodismo y Debate (@ELPINERO) <a href=\"https:\/\/twitter.com\/ELPINERO\/status\/1268262212763660290?ref_src=twsrc%5Etfw\">3 de junio de 2020<\/a><\/blockquote><\/div>\n<\/div><\/figure>\n\n\n\n<p>\u201cGobernador, quiero que sepa que acaba de fallecer mi hijo, lo mataron; nosotros somos gente de trabajo, ya varias veces nos hab\u00edan amenazado y usted lo sabe; m\u00e1s que nada yo nunca he hecho nada malo y mucho menos mis hijos.<\/p>\n\n\n\n<p>\u201cQu\u00e9\ntenemos que hacer, se\u00f1or, que paguen esos cabrones su pinche error; si mu hijo\nestuviera involucrado en una pendejada, no dir\u00eda nada, pero nosotros no tenemos\nnada que ver, como todos los comerciantes venimos a trabajar y a dar empleo a\nla gente.<\/p>\n\n\n\n<p>\u201cY en lugar que nos den seguridad, y si ya lo sab\u00edan que est\u00e1bamos amenazados por no pagar piso, o por pagar piso, todav\u00eda nos matan a nuestros hijos, qu\u00e9 esperamos los comerciantes de Tuxtepec; le pido que act\u00fae por favor, que act\u00fae y se pongan a trabajar\u201d.<\/p>\n\n\n\n<p>Seg\u00fan denunci\u00f3 la familia, a pesar de que ya hab\u00edan denunciado el delito del alto impacto con autoridades de la Vicefiscal\u00eda Regional de la Cuenca, nadie hizo nada ni por investigar ni por proteger a la ahora v\u00edctima ni a la familia.<\/p>\n","protected":false},"excerpt":{"rendered":"<p>Redacci\u00f3n\/Zona Roja. Oaxaca de Ju\u00e1rez, Oax., 3 de junio de 2020.- En un ataque armado&hellip;<\/p>\n","protected":false},"author":2,"featured_media":13255,"comment_status":"closed","ping_status":"open","sticky":false,"template":"","format":"standard","meta":{"_lmt_disableupdate":"","_lmt_disable":"","_jetpack_memberships_contains_paid_content":false,"footnotes":""},"categories":[109,51],"tags":[118],"class_list":["post-13254","post","type-post","status-publish","format-standard","has-post-thumbnail","hentry","category-minuto-a-minuto","category-zona-roja","tag-san-juan-bautista-tuxtepec"],"jetpack_featured_media_url":"https:\/\/zonaroja.com.mx\/wp-content\/uploads\/2020\/06\/Comerciante-ejecutado-Tuxtepec.jpg","jetpack_sharing_enabled":true,"_links":{"self":[{"href":"https:\/\/zonaroja.com.mx\/index.php?rest_route=\/wp\/v2\/posts\/13254","targetHints":{"allow":["GET"]}}],"collection":[{"href":"https:\/\/zonaroja.com.mx\/index.php?rest_route=\/wp\/v2\/posts"}],"about":[{"href":"https:\/\/zonaroja.com.mx\/index.php?rest_route=\/wp\/v2\/types\/post"}],"author":[{"embeddable":true,"href":"https:\/\/zonaroja.com.mx\/index.php?rest_route=\/wp\/v2\/users\/2"}],"replies":[{"embeddable":true,"href":"https:\/\/zonaroja.com.mx\/index.php?rest_route=%2Fwp%2Fv2%2Fcomments&post=13254"}],"version-history":[{"count":4,"href":"https:\/\/zonaroja.com.mx\/index.php?rest_route=\/wp\/v2\/posts\/13254\/revisions"}],"predecessor-version":[{"id":13259,"href":"https:\/\/zonaroja.com.mx\/index.php?rest_route=\/wp\/v2\/posts\/13254\/revisions\/13259"}],"wp:featuredmedia":[{"embeddable":true,"href":"https:\/\/zonaroja.com.mx\/index.php?rest_route=\/wp\/v2\/media\/13255"}],"wp:attachment":[{"href":"https:\/\/zonaroja.com.mx\/index.php?rest_route=%2Fwp%2Fv2%2Fmedia&parent=13254"}],"wp:term":[{"taxonomy":"category","embeddable":true,"href":"https:\/\/zonaroja.com.mx\/index.php?rest_route=%2Fwp%2Fv2%2Fcategories&post=13254"},{"taxonomy":"post_tag","embeddable":true,"href":"https:\/\/zonaroja.com.mx\/index.php?rest_route=%2Fwp%2Fv2%2Ftags&post=13254"}],"curies":[{"name":"wp","href":"https:\/\/api.w.org\/{rel}","templated":true}]}}