{"id":13260,"date":"2020-06-03T15:36:54","date_gmt":"2020-06-03T20:36:54","guid":{"rendered":"http:\/\/www.zonaroja.com.mx\/?p=13260"},"modified":"2020-06-03T15:45:37","modified_gmt":"2020-06-03T20:45:37","slug":"detectan-seis-casos-positivos-a-covid-19-en-reclusorio-de-ixcotel","status":"publish","type":"post","link":"https:\/\/zonaroja.com.mx\/?p=13260","title":{"rendered":"Detectan seis casos positivos a Covid-19 en reclusorio de Ixcotel"},"content":{"rendered":"\n<p>Redacci\u00f3n\/Zona\nRoja.<\/p>\n\n\n\n<p>Oaxaca de\nJu\u00e1rez, Oax., 3 de junio de 2020.- Tras haber realizado las pruebas\ncorrespondientes, los Servicios de Salud de Oaxaca (SSO), confirmaron seis\ncasos positivos del virus SARS-CoV-2 que provoca la enfermedad Covid-19, en la\nPenitenciar\u00eda Central de Santa Mar\u00eda Ixcotel, Santa Luc\u00eda del Camino.<\/p>\n\n\n\n<p>En un\ncomunicado, la Secretar\u00eda de Seguridad P\u00fablica de Oaxaca (SSPO) inform\u00f3 que a\ntrav\u00e9s de la Subsecretar\u00eda de Prevenci\u00f3n y Reinserci\u00f3n Social, mantiene el\nmonitoreo permanente del estado de salud de las personas privadas de libertad afectadas;\nas\u00ed como, comunicaci\u00f3n constante con sus familias.<\/p>\n\n\n\n<p>Con\nrespecto al Centro Penitenciario de San Francisco Tanivet, las siete personas privadas\nde libertad a quienes se les detect\u00f3 el virus, ya se encuentran en franca\nrecuperaci\u00f3n.<\/p>\n\n\n\n<p>Indic\u00f3\nque de acuerdo con el protocolo de salud, desde el primer momento de\nregistrarse los s\u00edntomas, dichas personas se han mantenido en aislamiento, bajo\nvigilancia y observaci\u00f3n permanentes, con las debidas precauciones sanitarias. <\/p>\n\n\n\n<p>\u201cEl\npersonal y la poblaci\u00f3n penitenciaria que estuvo en contacto con ellas, se\nencuentra bajo las mismas medidas de atenci\u00f3n y observaci\u00f3n m\u00e9dica.<\/p>\n\n\n\n<p>\u201cEn\ncoordinaci\u00f3n con los SSO, se monitorea permanentemente los 11 centros penitenciarios\nde la entidad; manteniendo y reforzando las medidas y acciones de prevenci\u00f3n\nsanitaria en los mismos\u201d, detall\u00f3.<\/p>\n","protected":false},"excerpt":{"rendered":"<p>Redacci\u00f3n\/Zona Roja. Oaxaca de Ju\u00e1rez, Oax., 3 de junio de 2020.- Tras haber realizado las&hellip;<\/p>\n","protected":false},"author":2,"featured_media":12820,"comment_status":"closed","ping_status":"open","sticky":false,"template":"","format":"standard","meta":{"_lmt_disableupdate":"","_lmt_disable":"","_jetpack_memberships_contains_paid_content":false,"footnotes":""},"categories":[109,47],"tags":[1733,1512],"class_list":["post-13260","post","type-post","status-publish","format-standard","has-post-thumbnail","hentry","category-minuto-a-minuto","category-zona-gris","tag-centro-de-reinsercion-social-santa-maria-ixcotel","tag-coronavirus-oaxaca"],"jetpack_featured_media_url":"https:\/\/zonaroja.com.mx\/wp-content\/uploads\/2020\/05\/Reclusorio-Ixcotel.png","jetpack_sharing_enabled":true,"_links":{"self":[{"href":"https:\/\/zonaroja.com.mx\/index.php?rest_route=\/wp\/v2\/posts\/13260","targetHints":{"allow":["GET"]}}],"collection":[{"href":"https:\/\/zonaroja.com.mx\/index.php?rest_route=\/wp\/v2\/posts"}],"about":[{"href":"https:\/\/zonaroja.com.mx\/index.php?rest_route=\/wp\/v2\/types\/post"}],"author":[{"embeddable":true,"href":"https:\/\/zonaroja.com.mx\/index.php?rest_route=\/wp\/v2\/users\/2"}],"replies":[{"embeddable":true,"href":"https:\/\/zonaroja.com.mx\/index.php?rest_route=%2Fwp%2Fv2%2Fcomments&post=13260"}],"version-history":[{"count":1,"href":"https:\/\/zonaroja.com.mx\/index.php?rest_route=\/wp\/v2\/posts\/13260\/revisions"}],"predecessor-version":[{"id":13261,"href":"https:\/\/zonaroja.com.mx\/index.php?rest_route=\/wp\/v2\/posts\/13260\/revisions\/13261"}],"wp:featuredmedia":[{"embeddable":true,"href":"https:\/\/zonaroja.com.mx\/index.php?rest_route=\/wp\/v2\/media\/12820"}],"wp:attachment":[{"href":"https:\/\/zonaroja.com.mx\/index.php?rest_route=%2Fwp%2Fv2%2Fmedia&parent=13260"}],"wp:term":[{"taxonomy":"category","embeddable":true,"href":"https:\/\/zonaroja.com.mx\/index.php?rest_route=%2Fwp%2Fv2%2Fcategories&post=13260"},{"taxonomy":"post_tag","embeddable":true,"href":"https:\/\/zonaroja.com.mx\/index.php?rest_route=%2Fwp%2Fv2%2Ftags&post=13260"}],"curies":[{"name":"wp","href":"https:\/\/api.w.org\/{rel}","templated":true}]}}