{"id":13263,"date":"2020-06-03T16:15:13","date_gmt":"2020-06-03T21:15:13","guid":{"rendered":"http:\/\/www.zonaroja.com.mx\/?p=13263"},"modified":"2020-06-03T16:15:17","modified_gmt":"2020-06-03T21:15:17","slug":"policias-agreden-a-enfermero-en-santiago-astata-refutan-acusacion","status":"publish","type":"post","link":"https:\/\/zonaroja.com.mx\/?p=13263","title":{"rendered":"Polic\u00edas agreden a enfermero en Santiago Astata; refutan acusaci\u00f3n"},"content":{"rendered":"\n<p>Yuridiana\nSosa\/Zona Roja.<\/p>\n\n\n\n<p>Oaxaca de\nJu\u00e1rez, Oax., 3 de junio de 2020.- Un enfermero de los Servicios de Salud de\nOaxaca (SSO) denunci\u00f3 agresi\u00f3n f\u00edsica por parte de elementos de la Polic\u00eda\nMunicipal de Santiago Astata, quien le impidieron ingresar a la poblaci\u00f3n por\ndiscriminaci\u00f3n a su profesi\u00f3n.<\/p>\n\n\n\n<p>El m\u00e9dico\nidentificado como Pedro Rosales, trabajador en la comunidad de Copalita, present\u00f3\nlesiones que provocaron sangrado, principalmente en la cabeza.<\/p>\n\n\n\n<p>La\nagresi\u00f3n se registr\u00f3 la noche de este martes en uno de los filtros ubicados en\nel ingreso a la cabecera municipal, donde los elementos le propinaron los\ngolpes como parte de una orden del presidente municipal, Dorian Ricardez, al\nconsiderarlo un riesgo para la poblaci\u00f3n por su profesi\u00f3n, dijo el denunciante.<\/p>\n\n\n\n<p>Compa\u00f1eros del trabajador del sector salud tambi\u00e9n manifestaron en redes sociales que la Polic\u00eda Municipal les negaron el acceso para ofrecerle atenci\u00f3n a Pedro Rosales, aun cuando se encontraban env\u00eda federal.<\/p>\n\n\n\n<figure class=\"wp-block-embed-twitter wp-block-embed is-type-rich is-provider-twitter\"><div class=\"wp-block-embed__wrapper\">\n<div class=\"twitter-tweet\"><blockquote class=\"twitter-tweet\" data-lang=\"es\"><p lang=\"es\" dir=\"ltr\"><a href=\"https:\/\/twitter.com\/hashtag\/OaxacaRojo?src=hash&amp;ref_src=twsrc%5Etfw\">#OaxacaRojo<\/a><br>Confirman que el enfermero Pedro Rosales fue golpeado anoche presuntamente por polic\u00edas municipales de Santiago Astata, <a href=\"https:\/\/twitter.com\/hashtag\/Oaxaca?src=hash&amp;ref_src=twsrc%5Etfw\">#Oaxaca<\/a>,por orden del edil Dorian Ric\u00e1rdez.Los hechos ocurrieron cuando intentaba ingresar a la comunidad pero le negaron el acceso.<br>Video: Cortes\u00eda <a href=\"https:\/\/t.co\/vNSuqRWYvQ\">pic.twitter.com\/vNSuqRWYvQ<\/a><\/p>&mdash; Zona Roja Oaxaca (@MexRoja) <a href=\"https:\/\/twitter.com\/MexRoja\/status\/1268204411949420545?ref_src=twsrc%5Etfw\">3 de junio de 2020<\/a><\/blockquote><\/div>\n<\/div><\/figure>\n\n\n\n<p>LA OTRA\nVERSION<\/p>\n\n\n\n<p>Por su parte,\nlos elementos de la Polic\u00eda Municipal justificaron que la agresi\u00f3n al enfermero\nderiv\u00f3 en defensa de una primera agresi\u00f3n contra los elementos de seguridad.<\/p>\n\n\n\n<p>Indicaron\nque Pedro Rosales intent\u00f3 violar el filtro sanitario que se instal\u00f3 como medida\npreventiva de contagios por Covid-19, donde no respet\u00f3 las indicaciones.<\/p>\n\n\n\n<p>Enojado\npor el hecho, argumentaron, el enfermero golpe\u00f3 con una llave de cruz\nautomotriz a un elemento municipal.<\/p>\n\n\n\n<p>Esta no\nes la primera ocasi\u00f3n que los Polic\u00edas Municipales se enfrentan con la\npoblaci\u00f3n, misma que desde el inicio de esta administraci\u00f3n municipal han\nmostrado descontento contra el edil.<\/p>\n","protected":false},"excerpt":{"rendered":"<p>Yuridiana Sosa\/Zona Roja. Oaxaca de Ju\u00e1rez, Oax., 3 de junio de 2020.- Un enfermero de&hellip;<\/p>\n","protected":false},"author":2,"featured_media":13264,"comment_status":"closed","ping_status":"open","sticky":false,"template":"","format":"standard","meta":{"_lmt_disableupdate":"","_lmt_disable":"","_jetpack_memberships_contains_paid_content":false,"footnotes":""},"categories":[109,47],"tags":[1254],"class_list":["post-13263","post","type-post","status-publish","format-standard","has-post-thumbnail","hentry","category-minuto-a-minuto","category-zona-gris","tag-santiago-astata"],"jetpack_featured_media_url":"https:\/\/zonaroja.com.mx\/wp-content\/uploads\/2020\/06\/Pedro-Rosales-Astata.jpg","jetpack_sharing_enabled":true,"_links":{"self":[{"href":"https:\/\/zonaroja.com.mx\/index.php?rest_route=\/wp\/v2\/posts\/13263","targetHints":{"allow":["GET"]}}],"collection":[{"href":"https:\/\/zonaroja.com.mx\/index.php?rest_route=\/wp\/v2\/posts"}],"about":[{"href":"https:\/\/zonaroja.com.mx\/index.php?rest_route=\/wp\/v2\/types\/post"}],"author":[{"embeddable":true,"href":"https:\/\/zonaroja.com.mx\/index.php?rest_route=\/wp\/v2\/users\/2"}],"replies":[{"embeddable":true,"href":"https:\/\/zonaroja.com.mx\/index.php?rest_route=%2Fwp%2Fv2%2Fcomments&post=13263"}],"version-history":[{"count":1,"href":"https:\/\/zonaroja.com.mx\/index.php?rest_route=\/wp\/v2\/posts\/13263\/revisions"}],"predecessor-version":[{"id":13265,"href":"https:\/\/zonaroja.com.mx\/index.php?rest_route=\/wp\/v2\/posts\/13263\/revisions\/13265"}],"wp:featuredmedia":[{"embeddable":true,"href":"https:\/\/zonaroja.com.mx\/index.php?rest_route=\/wp\/v2\/media\/13264"}],"wp:attachment":[{"href":"https:\/\/zonaroja.com.mx\/index.php?rest_route=%2Fwp%2Fv2%2Fmedia&parent=13263"}],"wp:term":[{"taxonomy":"category","embeddable":true,"href":"https:\/\/zonaroja.com.mx\/index.php?rest_route=%2Fwp%2Fv2%2Fcategories&post=13263"},{"taxonomy":"post_tag","embeddable":true,"href":"https:\/\/zonaroja.com.mx\/index.php?rest_route=%2Fwp%2Fv2%2Ftags&post=13263"}],"curies":[{"name":"wp","href":"https:\/\/api.w.org\/{rel}","templated":true}]}}