{"id":13270,"date":"2020-06-03T18:42:57","date_gmt":"2020-06-03T23:42:57","guid":{"rendered":"http:\/\/www.zonaroja.com.mx\/?p=13270"},"modified":"2020-06-03T18:43:01","modified_gmt":"2020-06-03T23:43:01","slug":"devoro-el-covid-municipios-esperanza-y-avanza-por-rincones-de-oaxaca","status":"publish","type":"post","link":"https:\/\/zonaroja.com.mx\/?p=13270","title":{"rendered":"Devor\u00f3 el Covid municipios \u201cesperanza\u201d y avanza por rincones de Oaxaca"},"content":{"rendered":"\n<p>Yuridiana\nSosa\/Zona Roja.<\/p>\n\n\n\n<p>Oaxaca de\nJu\u00e1rez, Oax., 3 de junio de 2020.- En los \u00faltimos ocho d\u00edas, la pandemia por\nCovid-19 sobre territorio oaxaque\u00f1o ha alcanzado al menos unos 27 nuevos\nmunicipios con casos confirmados, que incluyen localidades alguna vez\ndenominada \u201cde la esperanza\u201d.<\/p>\n\n\n\n<p>De\nacuerdo con los reportes diarios de los Servicios de Salud de Oaxaca (SSO)\nsobre el n\u00famero de casos, as\u00ed como los municipios donde se presentan los nuevos\nregistros, durante esta semana se integraron San Jorge Nuchita, de la regi\u00f3n\nMixteca; Ayoquezco de Aldama. de Valles Centrales perteneciente y Chiquihuitl\u00e1n\nde Benito Ju\u00e1rez, de la regi\u00f3n Ca\u00f1ada, del distrito de Cuitacatl\u00e1n.<\/p>\n\n\n\n<p>A\nprincipios del mes de mayo estos municipios fueron considerados por el gobierno\nfederal y estatal como \u201cde la esperanza\u201d por estar libres de contagios, as\u00ed\ncomo aislados de localidades vecinas con casos positivos, por lo que estuvieron\ncontemplados para una nueva normalidad a partir del 18 de mayo.<\/p>\n\n\n\n<p>Pero\ndurante esta \u00faltima semana se han integrado a la lista de municipios que\ndebutan con casos, aquellos que se ubican en zonas m\u00e1s serranas o peque\u00f1as\nlocalidades. <\/p>\n\n\n\n<p>El caso\nm\u00e1s reciente es el de Abejones, en la Sierra Norte, y en la Sierra Sur, Santo\nDomingo Teojomulco y Nejapa de Madero.<\/p>\n\n\n\n<p>De la Ca\u00f1ada,\nSan Mart\u00edn Toxpalapan y Valerio Trujano; de la Mixteca se encuentran Asunci\u00f3n\nCuyotepeji, Tepelmeme Villa de Morelos, San Miguel El Grande, entre otros. <\/p>\n\n\n\n<p>As\u00ed como\npor la regi\u00f3n del Istmo, Santiago Lachiguiri; en la Cuenca, San Felipe Usila, y\nen Valles Centrales, San Pedro Quiatoni, San Sebasti\u00e1n Abasolo, Santa Ana\nTlapacoyan, por mencionar algunos.<\/p>\n\n\n\n<p>El\npanorama para la entidad cambi\u00f3 radicalmente en la primera quincena de mayo,\ndesde cuando se fueron sumando m\u00e1s municipios, desvaneci\u00e9ndose con los planes\npara que la entidad se incorporara al esquema de \u201cnueva normalidad\u201d, pues no\nexisten condiciones hasta el momento.<\/p>\n","protected":false},"excerpt":{"rendered":"<p>Yuridiana Sosa\/Zona Roja. Oaxaca de Ju\u00e1rez, Oax., 3 de junio de 2020.- En los \u00faltimos&hellip;<\/p>\n","protected":false},"author":2,"featured_media":13271,"comment_status":"closed","ping_status":"open","sticky":false,"template":"","format":"standard","meta":{"_lmt_disableupdate":"","_lmt_disable":"","_jetpack_memberships_contains_paid_content":false,"footnotes":""},"categories":[109,47],"tags":[1512],"class_list":["post-13270","post","type-post","status-publish","format-standard","has-post-thumbnail","hentry","category-minuto-a-minuto","category-zona-gris","tag-coronavirus-oaxaca"],"jetpack_featured_media_url":"https:\/\/zonaroja.com.mx\/wp-content\/uploads\/2020\/06\/La-Ci\u00e9nega.jpg","jetpack_sharing_enabled":true,"_links":{"self":[{"href":"https:\/\/zonaroja.com.mx\/index.php?rest_route=\/wp\/v2\/posts\/13270","targetHints":{"allow":["GET"]}}],"collection":[{"href":"https:\/\/zonaroja.com.mx\/index.php?rest_route=\/wp\/v2\/posts"}],"about":[{"href":"https:\/\/zonaroja.com.mx\/index.php?rest_route=\/wp\/v2\/types\/post"}],"author":[{"embeddable":true,"href":"https:\/\/zonaroja.com.mx\/index.php?rest_route=\/wp\/v2\/users\/2"}],"replies":[{"embeddable":true,"href":"https:\/\/zonaroja.com.mx\/index.php?rest_route=%2Fwp%2Fv2%2Fcomments&post=13270"}],"version-history":[{"count":1,"href":"https:\/\/zonaroja.com.mx\/index.php?rest_route=\/wp\/v2\/posts\/13270\/revisions"}],"predecessor-version":[{"id":13272,"href":"https:\/\/zonaroja.com.mx\/index.php?rest_route=\/wp\/v2\/posts\/13270\/revisions\/13272"}],"wp:featuredmedia":[{"embeddable":true,"href":"https:\/\/zonaroja.com.mx\/index.php?rest_route=\/wp\/v2\/media\/13271"}],"wp:attachment":[{"href":"https:\/\/zonaroja.com.mx\/index.php?rest_route=%2Fwp%2Fv2%2Fmedia&parent=13270"}],"wp:term":[{"taxonomy":"category","embeddable":true,"href":"https:\/\/zonaroja.com.mx\/index.php?rest_route=%2Fwp%2Fv2%2Fcategories&post=13270"},{"taxonomy":"post_tag","embeddable":true,"href":"https:\/\/zonaroja.com.mx\/index.php?rest_route=%2Fwp%2Fv2%2Ftags&post=13270"}],"curies":[{"name":"wp","href":"https:\/\/api.w.org\/{rel}","templated":true}]}}