{"id":13273,"date":"2020-06-03T19:42:47","date_gmt":"2020-06-04T00:42:47","guid":{"rendered":"http:\/\/www.zonaroja.com.mx\/?p=13273"},"modified":"2020-06-03T19:42:50","modified_gmt":"2020-06-04T00:42:50","slug":"pide-diputada-a-murat-transparencia-en-manejo-de-recursos-por-pandemia","status":"publish","type":"post","link":"https:\/\/zonaroja.com.mx\/?p=13273","title":{"rendered":"Pide diputada a Murat transparencia en manejo de recursos por pandemia"},"content":{"rendered":"\n<p>Redacci\u00f3n\/Zona\nRoja.<\/p>\n\n\n\n<p>Oaxaca de\nJu\u00e1rez, Oax., 3 de junio de 2020.- Para transparentar la informaci\u00f3n referente\na la contingencia por Covid-19, la diputada Magaly L\u00f3pez pidi\u00f3 al gobernador\nAlejandro Murat, un informe detallado sobre los montos gastados durante la\npandemia, incluyendo el nombre y n\u00famero de empresas, las contrataciones y\nadquisiciones.<\/p>\n\n\n\n<p>De la\nmisma manera, la relaci\u00f3n completa de los programas y acciones que las\nautoridades estatales realizan; su fundamento, las reglas de operaci\u00f3n o las\nconvocatorias p\u00fablicas, as\u00ed como los nombres de las personas y de las empresas\nque reciban apoyos econ\u00f3micos o de otro tipo para superar la crisis generada\npor la pandemia.<\/p>\n\n\n\n<p>Deber\u00e1\nincluir tambi\u00e9n el reporte t\u00e9cnico diario, el n\u00famero de camas y de respiradores\ndisponibles para la atenci\u00f3n de casos agudos por el virus SARS-Cov 2, el n\u00famero\nde personal m\u00e9dico en activo y el n\u00famero de vacantes para personal m\u00e9dico, as\u00ed\ncomo la existencia de medicamentos, equipo e insumos, informaci\u00f3n en todos los\ncasos desagregada por cada jurisdicci\u00f3n sanitaria y por cada hospital.<\/p>\n\n\n\n<p>La\nlegisladora dijo que en Oaxaca es necesario establecer un micrositio o espacio\nvirtual actualizado d\u00eda a d\u00eda en el que, adem\u00e1s del panorama epidemiol\u00f3gico por\nel Covid-19, donde se brinde informaci\u00f3n referente a el manejo de los recursos\ndestinados para atender la contingencia sanitaria y sus efectos econ\u00f3micos y\nsociales, incluyendo las contrataciones y adquisiciones, sus montos, la\nrelaci\u00f3n completa de los programas y acciones que las autoridades estatales\nrealizan.<\/p>\n\n\n\n<p>En este\nsentido, dijo que, si bien el Gobierno del Estado publica cotidianamente un\ninforme estad\u00edstico sobre los avances de la pandemia, este no ha sido\ntransparente en cuanto a las capacidades del estado para la atenci\u00f3n m\u00e9dica de\nla enfermedad, y mucho menos ha dejado en claro el manejo de los recursos\necon\u00f3micos destinados a la atenci\u00f3n de la epidemia y de sus consecuencias\necon\u00f3micas y sociales.<\/p>\n\n\n\n<p>Por ello,\na trav\u00e9s del Punto de Acuerdo propuesto por la diputada local, busca que el\ngobierno haga realidad la transparencia proactiva, que se refiere a la vocaci\u00f3n\ngubernamental por poner a disposici\u00f3n de sus gobernados toda la informaci\u00f3n\nrelevante sobre el quehacer p\u00fablico, sin necesidad de esperar a que \u00e9sta sea\nsolicitada. <\/p>\n","protected":false},"excerpt":{"rendered":"<p>Redacci\u00f3n\/Zona Roja. Oaxaca de Ju\u00e1rez, Oax., 3 de junio de 2020.- Para transparentar la informaci\u00f3n&hellip;<\/p>\n","protected":false},"author":2,"featured_media":13274,"comment_status":"closed","ping_status":"open","sticky":false,"template":"","format":"standard","meta":{"_lmt_disableupdate":"","_lmt_disable":"","_jetpack_memberships_contains_paid_content":false,"footnotes":""},"categories":[109,47],"tags":[192],"class_list":["post-13273","post","type-post","status-publish","format-standard","has-post-thumbnail","hentry","category-minuto-a-minuto","category-zona-gris","tag-diputada-magaly-lopez-dominguez"],"jetpack_featured_media_url":"https:\/\/zonaroja.com.mx\/wp-content\/uploads\/2020\/06\/Diputada-Magaly-L\u00f3pez.jpeg","jetpack_sharing_enabled":true,"_links":{"self":[{"href":"https:\/\/zonaroja.com.mx\/index.php?rest_route=\/wp\/v2\/posts\/13273","targetHints":{"allow":["GET"]}}],"collection":[{"href":"https:\/\/zonaroja.com.mx\/index.php?rest_route=\/wp\/v2\/posts"}],"about":[{"href":"https:\/\/zonaroja.com.mx\/index.php?rest_route=\/wp\/v2\/types\/post"}],"author":[{"embeddable":true,"href":"https:\/\/zonaroja.com.mx\/index.php?rest_route=\/wp\/v2\/users\/2"}],"replies":[{"embeddable":true,"href":"https:\/\/zonaroja.com.mx\/index.php?rest_route=%2Fwp%2Fv2%2Fcomments&post=13273"}],"version-history":[{"count":1,"href":"https:\/\/zonaroja.com.mx\/index.php?rest_route=\/wp\/v2\/posts\/13273\/revisions"}],"predecessor-version":[{"id":13275,"href":"https:\/\/zonaroja.com.mx\/index.php?rest_route=\/wp\/v2\/posts\/13273\/revisions\/13275"}],"wp:featuredmedia":[{"embeddable":true,"href":"https:\/\/zonaroja.com.mx\/index.php?rest_route=\/wp\/v2\/media\/13274"}],"wp:attachment":[{"href":"https:\/\/zonaroja.com.mx\/index.php?rest_route=%2Fwp%2Fv2%2Fmedia&parent=13273"}],"wp:term":[{"taxonomy":"category","embeddable":true,"href":"https:\/\/zonaroja.com.mx\/index.php?rest_route=%2Fwp%2Fv2%2Fcategories&post=13273"},{"taxonomy":"post_tag","embeddable":true,"href":"https:\/\/zonaroja.com.mx\/index.php?rest_route=%2Fwp%2Fv2%2Ftags&post=13273"}],"curies":[{"name":"wp","href":"https:\/\/api.w.org\/{rel}","templated":true}]}}