{"id":13276,"date":"2020-06-03T20:58:00","date_gmt":"2020-06-04T01:58:00","guid":{"rendered":"http:\/\/www.zonaroja.com.mx\/?p=13276"},"modified":"2020-06-03T20:58:04","modified_gmt":"2020-06-04T01:58:04","slug":"sin-avance-rehabilitacion-de-mercado-de-abasto-autoridades-omisas","status":"publish","type":"post","link":"https:\/\/zonaroja.com.mx\/?p=13276","title":{"rendered":"Sin avance rehabilitaci\u00f3n de Mercado de Abasto; autoridades omisas"},"content":{"rendered":"\n<p>Evlin\nArag\u00f3n\/Zona Roja.<\/p>\n\n\n\n<p>Oaxaca de\nJu\u00e1rez, Oax., 3 de junio de 2020.- Escombros, cenizas y destrucci\u00f3n de locales\nsigue siendo el escenario en la zona seca del Mercado de Abasto, que hace una\nsemana se enfrentaba a un incendio que se sali\u00f3 de control y dej\u00f3 sin su\npatrimonio a 140 familias y otra m\u00e1s resultaron parcialmente afectada.<\/p>\n\n\n\n<p>Nada ha\ncambiado en el lugar; no hay presencia de las autoridades municipales y\nestatales para iniciar la rehabilitaci\u00f3n de la zona. <\/p>\n\n\n\n<p>Son las y\nlos locatarios los que trabajan para retirar los escombro y poder regresar a la\nbrevedad posible a la venta diaria que les permite el sustento de sus familias.<\/p>\n\n\n\n<p>Este\nmi\u00e9rcoles un grupo de comerciantes, en representaci\u00f3n de 95 personas afectadas\nexigieron apoyo por parte de las autoridades municipales y estatales, a quienes\nles reprocharon que hasta el momento no hayan brindado ayuda econ\u00f3mica para\nvolver adquirir los productos que fueron consumidos por el fuego.<\/p>\n\n\n\n<p>La lista\nde personas damnificadas fue entregada v\u00eda digital al gobierno municipal quien\nacus\u00f3 de recibido, pero a\u00fan no da repuesta a la emergencia, pese a que el edil\nOswaldo Garc\u00eda Jarqu\u00edn acudi\u00f3 un d\u00eda despu\u00e9s del incendio a la zona para\ntomarse la fotograf\u00eda con el mandatario estatal, Alejandro Murat Hinojosa, que\nanunci\u00f3 una inversi\u00f3n de 100 millones de pesos.<\/p>\n\n\n\n<p>Lo que\nninguna de las autoridades especific\u00f3, es que el recurso ya hab\u00eda sido aprobado\ndesde el 2019 por el Congreso local para trabajos de restituci\u00f3n del sistema\nel\u00e9ctrico, drenaje y agua potable, como primera etapa, mismos que evidentemente\nno han dado inicio en el lugar.<\/p>\n\n\n\n<p>Por lo\nanterior y dado que el proyecto est\u00e1 en elaboraci\u00f3n, exigieron hoy en\nconferencia que la rehabilitaci\u00f3n incluya la construcci\u00f3n de una cisterna,\ncaptador de aguas pluviales y electricidad estable para evitar futuros\nsiniestros. <\/p>\n\n\n\n<p>As\u00ed mismo,\nsolicitaron el apoyo inmediato de la Secretar\u00eda de Econom\u00eda a fin de que puedan\nadquirir mercanc\u00eda para expender lo m\u00e1s pronto posible.<\/p>\n\n\n\n<p>A\nprop\u00f3sito de las ventas, indicaron que est\u00e1n solicitando a la autoridad que los\nreubique de manera temporal en el estacionamiento de la Central de Abasto a fin\nde que puedan informar a la clientela que se encuentra relativamente de sus\nlocales.<\/p>\n\n\n\n<p>Finalmente.\nalertaron que, aunque a trav\u00e9s de las redes sociales se han dado a conocer\nrecursos que distintas organizaciones y fundaciones est\u00e1n destinando a las\npersonas afectadas, este dinero no ha llegado a sus manos.<\/p>\n\n\n\n<p>Por lo\nque pidieron a la ciudadan\u00eda dejar de hacer aportaciones y estar pendiente del\nn\u00famero de cuenta que dar\u00e1n a conocer para que el apoyo llegue a quienes en\nverdad lo necesitan.<\/p>\n","protected":false},"excerpt":{"rendered":"<p>Evlin Arag\u00f3n\/Zona Roja. Oaxaca de Ju\u00e1rez, Oax., 3 de junio de 2020.- Escombros, cenizas y&hellip;<\/p>\n","protected":false},"author":2,"featured_media":13277,"comment_status":"closed","ping_status":"open","sticky":false,"template":"","format":"standard","meta":{"_lmt_disableupdate":"","_lmt_disable":"","_jetpack_memberships_contains_paid_content":false,"footnotes":""},"categories":[109,47],"tags":[1077],"class_list":["post-13276","post","type-post","status-publish","format-standard","has-post-thumbnail","hentry","category-minuto-a-minuto","category-zona-gris","tag-mercado-de-abasto-ciudad-de-oaxaca"],"jetpack_featured_media_url":"https:\/\/zonaroja.com.mx\/wp-content\/uploads\/2020\/06\/Mercado-de-Abasto-conferencia.jpg","jetpack_sharing_enabled":true,"_links":{"self":[{"href":"https:\/\/zonaroja.com.mx\/index.php?rest_route=\/wp\/v2\/posts\/13276","targetHints":{"allow":["GET"]}}],"collection":[{"href":"https:\/\/zonaroja.com.mx\/index.php?rest_route=\/wp\/v2\/posts"}],"about":[{"href":"https:\/\/zonaroja.com.mx\/index.php?rest_route=\/wp\/v2\/types\/post"}],"author":[{"embeddable":true,"href":"https:\/\/zonaroja.com.mx\/index.php?rest_route=\/wp\/v2\/users\/2"}],"replies":[{"embeddable":true,"href":"https:\/\/zonaroja.com.mx\/index.php?rest_route=%2Fwp%2Fv2%2Fcomments&post=13276"}],"version-history":[{"count":1,"href":"https:\/\/zonaroja.com.mx\/index.php?rest_route=\/wp\/v2\/posts\/13276\/revisions"}],"predecessor-version":[{"id":13278,"href":"https:\/\/zonaroja.com.mx\/index.php?rest_route=\/wp\/v2\/posts\/13276\/revisions\/13278"}],"wp:featuredmedia":[{"embeddable":true,"href":"https:\/\/zonaroja.com.mx\/index.php?rest_route=\/wp\/v2\/media\/13277"}],"wp:attachment":[{"href":"https:\/\/zonaroja.com.mx\/index.php?rest_route=%2Fwp%2Fv2%2Fmedia&parent=13276"}],"wp:term":[{"taxonomy":"category","embeddable":true,"href":"https:\/\/zonaroja.com.mx\/index.php?rest_route=%2Fwp%2Fv2%2Fcategories&post=13276"},{"taxonomy":"post_tag","embeddable":true,"href":"https:\/\/zonaroja.com.mx\/index.php?rest_route=%2Fwp%2Fv2%2Ftags&post=13276"}],"curies":[{"name":"wp","href":"https:\/\/api.w.org\/{rel}","templated":true}]}}