{"id":13282,"date":"2020-06-03T21:39:18","date_gmt":"2020-06-04T02:39:18","guid":{"rendered":"http:\/\/www.zonaroja.com.mx\/?p=13282"},"modified":"2020-06-03T21:39:21","modified_gmt":"2020-06-04T02:39:21","slug":"presidente-municipal-de-salina-cruz-da-positivo-a-covid-19","status":"publish","type":"post","link":"https:\/\/zonaroja.com.mx\/?p=13282","title":{"rendered":"Presidente municipal de Salina Cruz da positivo a Covid-19"},"content":{"rendered":"\n<p>Yuridiana\nSosa\/Zona Roja.<\/p>\n\n\n\n<p>Oaxaca de\nJu\u00e1rez, Oax., 3 de junio de 2020.- El presidente de Salina Cruz, Juan Carlos\nAtecas Altamirano, se suma a la lista de pacientes contagiados por Covid-19 en\nla entidad.<\/p>\n\n\n\n<p>El edil\ninform\u00f3 este mi\u00e9rcoles que su salud es estable y mantendr\u00e1 las medidas sanitarias\ndesde el resguardo domiciliario durante el tiempo determinado hasta que se\nrecupere; desde donde seguir\u00e1 trabajando.<\/p>\n\n\n\n<p>Para\ncortar las l\u00edneas de contagio y como medida de prevenci\u00f3n, dijo, solicit\u00f3 a sus\ncolaboradores cercanos realizarse la prueba correspondiente al coronavirus.<\/p>\n\n\n\n<p>El\npresidente public\u00f3 de forma oficial los resultados de sus estudios cl\u00ednicos\ndonde se indica positivo a Covid-19.<\/p>\n\n\n\n<p>Los\nServicios de Salud de Oaxaca dieron a conocer a trav\u00e9s de su corte t\u00e9cnico\ndiario que el municipio de Salina Cruz mantiene cinco casos activos de\ncoronavirus.<\/p>\n\n\n\n<p>En el\ntranscurso de este mi\u00e9rcoles se difundi\u00f3 que varios integrantes del\nayuntamiento dieron positivo al coronavirus, lo cual no ha sido confirmado m\u00e1s\nque el caso del edil, surgido del Partido Morena.<\/p>\n\n\n\n<p>Por otra\nparte, este d\u00eda decenas de propietarios de bares y centros nocturnos marcharon\nen las calles de dicha ciudad y puerto de la regi\u00f3n del Istmo, para exigir les\npermitan reabrir sus establecimientos comerciales.<\/p>\n","protected":false},"excerpt":{"rendered":"<p>Yuridiana Sosa\/Zona Roja. Oaxaca de Ju\u00e1rez, Oax., 3 de junio de 2020.- El presidente de&hellip;<\/p>\n","protected":false},"author":2,"featured_media":13283,"comment_status":"closed","ping_status":"open","sticky":false,"template":"","format":"standard","meta":{"_lmt_disableupdate":"","_lmt_disable":"","_jetpack_memberships_contains_paid_content":false,"footnotes":""},"categories":[109,47],"tags":[1512,1247],"class_list":["post-13282","post","type-post","status-publish","format-standard","has-post-thumbnail","hentry","category-minuto-a-minuto","category-zona-gris","tag-coronavirus-oaxaca","tag-juan-carlos-atecas-altamirano"],"jetpack_featured_media_url":"https:\/\/zonaroja.com.mx\/wp-content\/uploads\/2020\/06\/Juan-Carlos-Atecas-2.jpg","jetpack_sharing_enabled":true,"_links":{"self":[{"href":"https:\/\/zonaroja.com.mx\/index.php?rest_route=\/wp\/v2\/posts\/13282","targetHints":{"allow":["GET"]}}],"collection":[{"href":"https:\/\/zonaroja.com.mx\/index.php?rest_route=\/wp\/v2\/posts"}],"about":[{"href":"https:\/\/zonaroja.com.mx\/index.php?rest_route=\/wp\/v2\/types\/post"}],"author":[{"embeddable":true,"href":"https:\/\/zonaroja.com.mx\/index.php?rest_route=\/wp\/v2\/users\/2"}],"replies":[{"embeddable":true,"href":"https:\/\/zonaroja.com.mx\/index.php?rest_route=%2Fwp%2Fv2%2Fcomments&post=13282"}],"version-history":[{"count":1,"href":"https:\/\/zonaroja.com.mx\/index.php?rest_route=\/wp\/v2\/posts\/13282\/revisions"}],"predecessor-version":[{"id":13284,"href":"https:\/\/zonaroja.com.mx\/index.php?rest_route=\/wp\/v2\/posts\/13282\/revisions\/13284"}],"wp:featuredmedia":[{"embeddable":true,"href":"https:\/\/zonaroja.com.mx\/index.php?rest_route=\/wp\/v2\/media\/13283"}],"wp:attachment":[{"href":"https:\/\/zonaroja.com.mx\/index.php?rest_route=%2Fwp%2Fv2%2Fmedia&parent=13282"}],"wp:term":[{"taxonomy":"category","embeddable":true,"href":"https:\/\/zonaroja.com.mx\/index.php?rest_route=%2Fwp%2Fv2%2Fcategories&post=13282"},{"taxonomy":"post_tag","embeddable":true,"href":"https:\/\/zonaroja.com.mx\/index.php?rest_route=%2Fwp%2Fv2%2Ftags&post=13282"}],"curies":[{"name":"wp","href":"https:\/\/api.w.org\/{rel}","templated":true}]}}