{"id":13285,"date":"2020-06-03T22:23:07","date_gmt":"2020-06-04T03:23:07","guid":{"rendered":"http:\/\/www.zonaroja.com.mx\/?p=13285"},"modified":"2020-06-03T22:23:09","modified_gmt":"2020-06-04T03:23:09","slug":"identifican-a-los-seis-recluros-con-covid-en-ixcotel-entre-ellos-tenorio","status":"publish","type":"post","link":"https:\/\/zonaroja.com.mx\/?p=13285","title":{"rendered":"Identifican a los seis recluros con Covid en Ixcotel, entre ellos Tenorio"},"content":{"rendered":"\n<p>Ismael\nGarc\u00eda M.\/Zona Roja.<\/p>\n\n\n\n<p>Oaxaca de\nJu\u00e1erz, Oax., 3 de junio de 2020.- Las seis personas recluidas en la\nPenitenciar\u00eda Central de Santa Mar\u00eda Ixcotel que dieron positivos a Covid-19\nfueron identificadas esta noche, entre ellas el ex secretario de Salud, Germ\u00e1n\nTenorio Vasconcelos.<\/p>\n\n\n\n<p>De\nacuerdo con una tarjeta informativa del Laboratorio Estatal de Salud P\u00fablica de\nOaxaca, dependiente de los Servicios de Salud de Oaxaca (SSO), la recepci\u00f3n de\nlas pruebas fue el 28 de mayo y los resultados se entregaron el 29 del mismo\nmes.<\/p>\n\n\n\n<p>El tipo\nde muestra fue Exudado nasofar\u00edngeo y exudado feringeo y las seis personas privadas\nde su libertad dieron positivo.<\/p>\n\n\n\n<p>Se trata\nde Germ\u00e1n de Jes\u00fas T. V., Ismael B. P. G., Marcos V. R., \u00c1ngel E. M. M., Marco\nA. R. S. y Onofre J. L.<\/p>\n\n\n\n<p>En tanto,\nde acuerdo con la Secretar\u00eda de Seguridad P\u00fablica, los seis internos en el\npenal de Ixcotel, Santa Luc\u00eda del Camino, se encuentran estables y reciben\natenci\u00f3n m\u00e9dica puntual.<\/p>\n","protected":false},"excerpt":{"rendered":"<p>Ismael Garc\u00eda M.\/Zona Roja. Oaxaca de Ju\u00e1erz, Oax., 3 de junio de 2020.- Las seis&hellip;<\/p>\n","protected":false},"author":2,"featured_media":11333,"comment_status":"closed","ping_status":"open","sticky":false,"template":"","format":"standard","meta":{"_lmt_disableupdate":"","_lmt_disable":"","_jetpack_memberships_contains_paid_content":false,"footnotes":""},"categories":[109,47],"tags":[1733,1512],"class_list":["post-13285","post","type-post","status-publish","format-standard","has-post-thumbnail","hentry","category-minuto-a-minuto","category-zona-gris","tag-centro-de-reinsercion-social-santa-maria-ixcotel","tag-coronavirus-oaxaca"],"jetpack_featured_media_url":"https:\/\/zonaroja.com.mx\/wp-content\/uploads\/2020\/04\/Reclusorio-Ixcotel.png","jetpack_sharing_enabled":true,"_links":{"self":[{"href":"https:\/\/zonaroja.com.mx\/index.php?rest_route=\/wp\/v2\/posts\/13285","targetHints":{"allow":["GET"]}}],"collection":[{"href":"https:\/\/zonaroja.com.mx\/index.php?rest_route=\/wp\/v2\/posts"}],"about":[{"href":"https:\/\/zonaroja.com.mx\/index.php?rest_route=\/wp\/v2\/types\/post"}],"author":[{"embeddable":true,"href":"https:\/\/zonaroja.com.mx\/index.php?rest_route=\/wp\/v2\/users\/2"}],"replies":[{"embeddable":true,"href":"https:\/\/zonaroja.com.mx\/index.php?rest_route=%2Fwp%2Fv2%2Fcomments&post=13285"}],"version-history":[{"count":1,"href":"https:\/\/zonaroja.com.mx\/index.php?rest_route=\/wp\/v2\/posts\/13285\/revisions"}],"predecessor-version":[{"id":13286,"href":"https:\/\/zonaroja.com.mx\/index.php?rest_route=\/wp\/v2\/posts\/13285\/revisions\/13286"}],"wp:featuredmedia":[{"embeddable":true,"href":"https:\/\/zonaroja.com.mx\/index.php?rest_route=\/wp\/v2\/media\/11333"}],"wp:attachment":[{"href":"https:\/\/zonaroja.com.mx\/index.php?rest_route=%2Fwp%2Fv2%2Fmedia&parent=13285"}],"wp:term":[{"taxonomy":"category","embeddable":true,"href":"https:\/\/zonaroja.com.mx\/index.php?rest_route=%2Fwp%2Fv2%2Fcategories&post=13285"},{"taxonomy":"post_tag","embeddable":true,"href":"https:\/\/zonaroja.com.mx\/index.php?rest_route=%2Fwp%2Fv2%2Ftags&post=13285"}],"curies":[{"name":"wp","href":"https:\/\/api.w.org\/{rel}","templated":true}]}}