{"id":13291,"date":"2020-06-04T07:44:48","date_gmt":"2020-06-04T12:44:48","guid":{"rendered":"http:\/\/www.zonaroja.com.mx\/?p=13291"},"modified":"2020-06-04T07:44:51","modified_gmt":"2020-06-04T12:44:51","slug":"mexico-segundo-pais-con-mas-muertes-por-covid-en-latinoamerica","status":"publish","type":"post","link":"https:\/\/zonaroja.com.mx\/?p=13291","title":{"rendered":"M\u00e9xico, segundo pa\u00eds con m\u00e1s muertes por Covid en Latinoam\u00e9rica"},"content":{"rendered":"\n<p>Redacci\u00f3n\/Zona\nRoja Cdmx.<\/p>\n\n\n\n<p>Ciudad de\nM\u00e9xico, 4 de junio de 2020.- M\u00e9xico se ubic\u00f3 ayer s\u00f3lo por debajo de Brasil en\nel n\u00famero de fallecimientos diarios confirmados por coronavirus.<\/p>\n\n\n\n<p>Ayer se\nreportaron mil 92 nuevas defunciones en nuestro pa\u00eds, lo que representa un\nincremento s\u00fabito, ya que el anterior m\u00e1ximo en este rubro se hab\u00eda registrado\nel 26 de mayo con 501 muertes en un solo d\u00eda. Ayer se rebas\u00f3 esta cifra en m\u00e1s\ndel doble.<\/p>\n\n\n\n<p>En el\nreporte diario de la Secretar\u00eda de Salud se dio a conocer que el n\u00famero\nacumulado subi\u00f3 a 11 mil 729 defunciones y se superaron los 100 mil casos\nconfirmados del nuevo coronavirus, con un total de 101 mil 238 personas que\ndieron positivo al virus SARS-CoV-2.<\/p>\n\n\n\n<p>Para\ndimensionar la tragedia en M\u00e9xico, el total de decesos equivale a la capacidad\ndel Auditorio Nacional y el n\u00famero de casos positivos es equiparable al aforo\ndel Estadio Azteca, el m\u00e1s grande del pa\u00eds.<\/p>\n\n\n\n<p>S\u00f3lo\nBrasil registr\u00f3 ayer m\u00e1s muertes confirmadas por COVID\u201319 en las \u00faltimas 24\nhoras, con mil 349, por lo que se ubic\u00f3 en el primer lugar mundial en este\nrubro, adem\u00e1s de acumular 32 mil 548 decesos totales, seg\u00fan el Ministerio de\nSalud de ese pa\u00eds.<\/p>\n\n\n\n<p>Incluso,\nEstados Unidos se ubic\u00f3 por debajo de estos dos pa\u00edses, ya que ayer se\nconfirmaron mil 45 nuevas muertes para un total de 106 mil 202 decesos, seg\u00fan\nlos Centros de Control y Prevenci\u00f3n de Enfermedades (CDC).<\/p>\n\n\n\n<p>MATIZA\nCIFRAS<\/p>\n\n\n\n<p>Ante el\nmayor incremento de muertes confirmadas en un solo d\u00eda, el subsecretario de\nPrevenci\u00f3n y Promoci\u00f3n de la Salud, Hugo L\u00f3pez-Gatell, matiz\u00f3 el registro al\nafirmar que el incremento de las mil 92 muertes no corresponden a defunciones\nque ocurrieron s\u00f3lo ayer, sino que son de varios d\u00edas previos.<\/p>\n\n\n\n<p>Las m\u00e1s\nde mil defunciones sucedieron en distintas fechas de los \u00faltimos 20 d\u00edas,\nincluso, hay un deceso del 25 de marzo.<\/p>\n\n\n\n<p>Hugo\nL\u00f3pez-Gatell inform\u00f3 que ya hay avances en la integraci\u00f3n de una comisi\u00f3n\nt\u00e9cnica para detectar las muertes \u201cno observables\u201d por Covid-19 en la Ciudad de\nM\u00e9xico.<\/p>\n\n\n\n<p>\u201cA\u00fan no\nhay resultados finales pero hay avances en la revisi\u00f3n de actas de defunci\u00f3n y\ncertificados de defunci\u00f3n\u201d, explic\u00f3.<\/p>\n\n\n\n<p>Las\nmuertes \u201cno observables\u201d por Covid\u201319 corresponden a aquellas personas que\nfallecen con sospecha de haber tenido Covid-19 pero que no se les hizo una\nprueba.<\/p>\n","protected":false},"excerpt":{"rendered":"<p>Redacci\u00f3n\/Zona Roja Cdmx. Ciudad de M\u00e9xico, 4 de junio de 2020.- M\u00e9xico se ubic\u00f3 ayer&hellip;<\/p>\n","protected":false},"author":2,"featured_media":13292,"comment_status":"closed","ping_status":"open","sticky":false,"template":"","format":"standard","meta":{"_lmt_disableupdate":"","_lmt_disable":"","_jetpack_memberships_contains_paid_content":false,"footnotes":""},"categories":[109,47],"tags":[1328],"class_list":["post-13291","post","type-post","status-publish","format-standard","has-post-thumbnail","hentry","category-minuto-a-minuto","category-zona-gris","tag-coronavirus-mexico"],"jetpack_featured_media_url":"https:\/\/zonaroja.com.mx\/wp-content\/uploads\/2020\/06\/Coronavirus-M\u00e9xico-2.jpg","jetpack_sharing_enabled":true,"_links":{"self":[{"href":"https:\/\/zonaroja.com.mx\/index.php?rest_route=\/wp\/v2\/posts\/13291","targetHints":{"allow":["GET"]}}],"collection":[{"href":"https:\/\/zonaroja.com.mx\/index.php?rest_route=\/wp\/v2\/posts"}],"about":[{"href":"https:\/\/zonaroja.com.mx\/index.php?rest_route=\/wp\/v2\/types\/post"}],"author":[{"embeddable":true,"href":"https:\/\/zonaroja.com.mx\/index.php?rest_route=\/wp\/v2\/users\/2"}],"replies":[{"embeddable":true,"href":"https:\/\/zonaroja.com.mx\/index.php?rest_route=%2Fwp%2Fv2%2Fcomments&post=13291"}],"version-history":[{"count":1,"href":"https:\/\/zonaroja.com.mx\/index.php?rest_route=\/wp\/v2\/posts\/13291\/revisions"}],"predecessor-version":[{"id":13293,"href":"https:\/\/zonaroja.com.mx\/index.php?rest_route=\/wp\/v2\/posts\/13291\/revisions\/13293"}],"wp:featuredmedia":[{"embeddable":true,"href":"https:\/\/zonaroja.com.mx\/index.php?rest_route=\/wp\/v2\/media\/13292"}],"wp:attachment":[{"href":"https:\/\/zonaroja.com.mx\/index.php?rest_route=%2Fwp%2Fv2%2Fmedia&parent=13291"}],"wp:term":[{"taxonomy":"category","embeddable":true,"href":"https:\/\/zonaroja.com.mx\/index.php?rest_route=%2Fwp%2Fv2%2Fcategories&post=13291"},{"taxonomy":"post_tag","embeddable":true,"href":"https:\/\/zonaroja.com.mx\/index.php?rest_route=%2Fwp%2Fv2%2Ftags&post=13291"}],"curies":[{"name":"wp","href":"https:\/\/api.w.org\/{rel}","templated":true}]}}