{"id":13297,"date":"2020-06-04T10:50:43","date_gmt":"2020-06-04T15:50:43","guid":{"rendered":"http:\/\/www.zonaroja.com.mx\/?p=13297"},"modified":"2020-06-04T10:50:45","modified_gmt":"2020-06-04T15:50:45","slug":"propone-diputado-gubernatura-de-dos-anos-y-reducir-numero-de-legisladores","status":"publish","type":"post","link":"https:\/\/zonaroja.com.mx\/?p=13297","title":{"rendered":"Propone diputado gubernatura de dos a\u00f1os y reducir n\u00famero de legisladores"},"content":{"rendered":"\n<p>Evlin\nArag\u00f3n\/Zona Roja.<\/p>\n\n\n\n<p>Oaxaca de\nJu\u00e1rez, Oax., 4 de junio de 2020.- El diputado local por Morena, Oth\u00f3n Cuevas\nC\u00f3rdova, asegur\u00f3 que el reciente cambio de fecha del inicio del proceso\nelectoral 2020-2021, el cual paso de septiembre a diciembre debido a la\ncontingencia sanitaria, permitir\u00e1 seguir analizando reformas y normas\nelectorales que han sido propuestas al interior del Congreso oaxaque\u00f1o.<\/p>\n\n\n\n<p>Dichas\nmodificaciones deben incluir ahora la reducci\u00f3n en el n\u00famero de legisladoras,\nque los representantes populares busquen otros puestos de esta \u00edndole y que la\npr\u00f3xima gubernatura sea por un periodo de dos a\u00f1os, dijo.<\/p>\n\n\n\n<p>Fue\njustamente Cuevas C\u00f3rdova quien propuso anteriormente una reforma que contempla\ndisminuir doce diputaciones locales designadas por el principio de\nrepresentaci\u00f3n proporcional, quedando las 25 curules destinadas para las y los\ncandidatos electos en las urnas y s\u00f3lo cinco m\u00e1s distribuidas en los partidos pol\u00edticos\nmenos beneficiados en las votaciones.&nbsp; <\/p>\n\n\n\n<p>De igual\nforma, la iniciativa que impedir\u00eda que representante populares estatales y\nfederales aspiren a otro cargo de esta \u00edndole, al ser incorporados en un\ncat\u00e1logo de ciudadanos que se encuentran impedidos para ser electos, salvo que\nse separen con una determinada temporalidad.<\/p>\n\n\n\n<p>Cuevas\nC\u00f3rdova va m\u00e1s all\u00e1 y propone la discusi\u00f3n en torno a que la gubernatura que\nsea electa en el 2022 pueda estar s\u00f3lo dos a\u00f1os, en el poder con la finalidad\nde empatar los procesos electorales, tal y como sucedi\u00f3 en la elecci\u00f3n pasada\ndonde las presidencias municipales y diputaciones tuvieron un a\u00f1o menos de\nejercicio con la posibilidad de reelecci\u00f3n.<\/p>\n\n\n\n<p>\u201c\u00bfY por\nqu\u00e9 no? Estar en posibilidad de analizar la posible concurrencia con los\ncomicios federales de todas las elecciones locales, estipulando que por \u00fanica\nocasi\u00f3n la gobernadora o gobernador que se elija el primer domingo de junio del\na\u00f1o 2022, iniciar\u00e1 su periodo el uno de diciembre de dos mil veintid\u00f3s, y\nconcluir\u00e1 el treinta de noviembre de dos mil veinticuatro\u201d, dijo.<\/p>\n\n\n\n<p>As\u00ed mismo,\ncelebr\u00f3 la ampliaci\u00f3n del plazo para iniciar el proceso electoral 2020-2021 que\nen Oaxaca servir\u00e1 para elegir representantes en las presidencias municipales,\ndiputaciones locales y federales, lo cual dijo traer\u00e1 un ahorro de 18 millones\nde pesos en el presupuesto a ejercer por parte del Instituto Estatal Electoral\ny de Participaci\u00f3n Ciudadana (IEEPCO).<\/p>\n\n\n\n<p>El\nrecurso anteriormente citado podr\u00eda ser reasignado por el Ejecutivo del estado,\nde manera preferente al gasto de salud y el derecho humano a la protecci\u00f3n de\nla salud o, en su caso, a cualquier contingencia por desastres naturales.<\/p>\n","protected":false},"excerpt":{"rendered":"<p>Evlin Arag\u00f3n\/Zona Roja. Oaxaca de Ju\u00e1rez, Oax., 4 de junio de 2020.- El diputado local&hellip;<\/p>\n","protected":false},"author":2,"featured_media":13298,"comment_status":"closed","ping_status":"open","sticky":false,"template":"","format":"standard","meta":{"_lmt_disableupdate":"","_lmt_disable":"","_jetpack_memberships_contains_paid_content":false,"footnotes":""},"categories":[109,46],"tags":[1311],"class_list":["post-13297","post","type-post","status-publish","format-standard","has-post-thumbnail","hentry","category-minuto-a-minuto","category-zona-blanca","tag-othon-cuevas-cordova"],"jetpack_featured_media_url":"https:\/\/zonaroja.com.mx\/wp-content\/uploads\/2020\/06\/Othon-Cuevas.jpg","jetpack_sharing_enabled":true,"_links":{"self":[{"href":"https:\/\/zonaroja.com.mx\/index.php?rest_route=\/wp\/v2\/posts\/13297","targetHints":{"allow":["GET"]}}],"collection":[{"href":"https:\/\/zonaroja.com.mx\/index.php?rest_route=\/wp\/v2\/posts"}],"about":[{"href":"https:\/\/zonaroja.com.mx\/index.php?rest_route=\/wp\/v2\/types\/post"}],"author":[{"embeddable":true,"href":"https:\/\/zonaroja.com.mx\/index.php?rest_route=\/wp\/v2\/users\/2"}],"replies":[{"embeddable":true,"href":"https:\/\/zonaroja.com.mx\/index.php?rest_route=%2Fwp%2Fv2%2Fcomments&post=13297"}],"version-history":[{"count":1,"href":"https:\/\/zonaroja.com.mx\/index.php?rest_route=\/wp\/v2\/posts\/13297\/revisions"}],"predecessor-version":[{"id":13299,"href":"https:\/\/zonaroja.com.mx\/index.php?rest_route=\/wp\/v2\/posts\/13297\/revisions\/13299"}],"wp:featuredmedia":[{"embeddable":true,"href":"https:\/\/zonaroja.com.mx\/index.php?rest_route=\/wp\/v2\/media\/13298"}],"wp:attachment":[{"href":"https:\/\/zonaroja.com.mx\/index.php?rest_route=%2Fwp%2Fv2%2Fmedia&parent=13297"}],"wp:term":[{"taxonomy":"category","embeddable":true,"href":"https:\/\/zonaroja.com.mx\/index.php?rest_route=%2Fwp%2Fv2%2Fcategories&post=13297"},{"taxonomy":"post_tag","embeddable":true,"href":"https:\/\/zonaroja.com.mx\/index.php?rest_route=%2Fwp%2Fv2%2Ftags&post=13297"}],"curies":[{"name":"wp","href":"https:\/\/api.w.org\/{rel}","templated":true}]}}