{"id":13301,"date":"2020-06-04T11:59:35","date_gmt":"2020-06-04T16:59:35","guid":{"rendered":"https:\/\/www.zonaroja.com.mx\/?p=13301"},"modified":"2020-06-04T12:03:53","modified_gmt":"2020-06-04T17:03:53","slug":"regresa-la-calma-a-san-jose-del-progreso-ocotlan-oaxaca","status":"publish","type":"post","link":"https:\/\/zonaroja.com.mx\/?p=13301","title":{"rendered":"En calma cambia autoridad en San Jos\u00e9 del Progreso, Ocotl\u00e1n, Oaxaca"},"content":{"rendered":"\n<p> Redacci\u00f3n\/Zona Roja. <\/p>\n\n\n\n<p>Tras la resoluci\u00f3n de la Sala Xalapa del Tribunal Electoral del Poder Judicial de la Federaci\u00f3n (TEPJF), el cambio de autoridad se dio en calma San Jos\u00e9 del Progreso, municipio del distrito de Ocotl\u00e1n, Oaxaca, y sede de la Compa\u00f1\u00eda Minera Cuzcatl\u00e1n. <\/p>\n\n\n\n<p>De acuerdo con la sentencia emitida, resolvi\u00f3 que la elecci\u00f3n celebrada en diciembre pasado era v\u00e1lida, por lo que este mi\u00e9rcoles en un ambiente de civilidad y armon\u00eda pol\u00edtica, se llev\u00f3 un  encuentro con el Cabildo municipal y los que formaron parte de la Comisi\u00f3n Municipal Provisional de la demarcaci\u00f3n.<\/p>\n\n\n\n<p>Se destacaron las acciones de gobierno que se ejecutaron durante el tiempo que estuvo la Comisi\u00f3n, como el rastreo de caminos en las agencias, entrega de despensas, obras de infraestructura para el mejoramiento de viviendas, eapoyo de l\u00e1minas ante el fen\u00f3meno perturbador que dej\u00f3 estragos el pasado 23 de mayo en distintas viviendas.<\/p>\n\n\n\n<p>La entrega de participaciones municipales de conformidad a las f\u00f3rmulas establecidas en la Ley de Coordinaci\u00f3n Fiscal para el Estado de Oaxaca en vigor, entre otras acciones para darle atenci\u00f3n a las agencias de la municipalidad que se encontraban suspendidas.<\/p>\n\n\n\n<p>Asimismo, la Comisi\u00f3n saliente resalt\u00f3 la instalaci\u00f3n de los diversos filtros que coordinadamente con las autoridades auxiliares, sociedad organizada y la empresa minera de Cuzcatl\u00e1n se colocaron en los accesos de la poblaci\u00f3n para mitigar la propagaci\u00f3n del COVID-19.<\/p>\n\n\n\n<p>Adem\u00e1s  de ser el primer municipio en la entidad en dotar en su totalidad a la poblaci\u00f3n de cubre bocas y gel antibacterial, lo que ha permitido que en este fecha el municipio se encuentre con el \u00fanico caso recuperado, siendo una localidad que se encuentra libre de contagios, por lo que desde pasado d\u00edas se inicio con las operaciones de la industria minera y reactiv\u00e1ndose la econom\u00eda local del distrito.<\/p>\n\n\n\n<p>El cabildo municipal fue reconocido por el Poder Ejecutivo del Gobierno del Estado derivado de una sentencia, con lo que se encuentra formalmente y legalmente con todas las atribuciones y obligaciones que le confiere la Ley, siendo que a partir de esta fecha estar\u00e1 al frente de la vida administrativa del municipio de San Jos\u00e9 del Progreso, Ocotl\u00e1n.<\/p>\n","protected":false},"excerpt":{"rendered":"<p>Redacci\u00f3n\/Zona Roja. Tras la resoluci\u00f3n de la Sala Xalapa del Tribunal Electoral del Poder Judicial&hellip;<\/p>\n","protected":false},"author":2,"featured_media":13300,"comment_status":"closed","ping_status":"open","sticky":false,"template":"","format":"standard","meta":{"_lmt_disableupdate":"","_lmt_disable":"","_jetpack_memberships_contains_paid_content":false,"footnotes":""},"categories":[109,46],"tags":[578],"class_list":["post-13301","post","type-post","status-publish","format-standard","has-post-thumbnail","hentry","category-minuto-a-minuto","category-zona-blanca","tag-san-jose-del-progreso"],"jetpack_featured_media_url":"https:\/\/zonaroja.com.mx\/wp-content\/uploads\/2020\/06\/img_6284.jpg","jetpack_sharing_enabled":true,"_links":{"self":[{"href":"https:\/\/zonaroja.com.mx\/index.php?rest_route=\/wp\/v2\/posts\/13301","targetHints":{"allow":["GET"]}}],"collection":[{"href":"https:\/\/zonaroja.com.mx\/index.php?rest_route=\/wp\/v2\/posts"}],"about":[{"href":"https:\/\/zonaroja.com.mx\/index.php?rest_route=\/wp\/v2\/types\/post"}],"author":[{"embeddable":true,"href":"https:\/\/zonaroja.com.mx\/index.php?rest_route=\/wp\/v2\/users\/2"}],"replies":[{"embeddable":true,"href":"https:\/\/zonaroja.com.mx\/index.php?rest_route=%2Fwp%2Fv2%2Fcomments&post=13301"}],"version-history":[{"count":2,"href":"https:\/\/zonaroja.com.mx\/index.php?rest_route=\/wp\/v2\/posts\/13301\/revisions"}],"predecessor-version":[{"id":13303,"href":"https:\/\/zonaroja.com.mx\/index.php?rest_route=\/wp\/v2\/posts\/13301\/revisions\/13303"}],"wp:featuredmedia":[{"embeddable":true,"href":"https:\/\/zonaroja.com.mx\/index.php?rest_route=\/wp\/v2\/media\/13300"}],"wp:attachment":[{"href":"https:\/\/zonaroja.com.mx\/index.php?rest_route=%2Fwp%2Fv2%2Fmedia&parent=13301"}],"wp:term":[{"taxonomy":"category","embeddable":true,"href":"https:\/\/zonaroja.com.mx\/index.php?rest_route=%2Fwp%2Fv2%2Fcategories&post=13301"},{"taxonomy":"post_tag","embeddable":true,"href":"https:\/\/zonaroja.com.mx\/index.php?rest_route=%2Fwp%2Fv2%2Ftags&post=13301"}],"curies":[{"name":"wp","href":"https:\/\/api.w.org\/{rel}","templated":true}]}}