{"id":13304,"date":"2020-06-04T12:55:22","date_gmt":"2020-06-04T17:55:22","guid":{"rendered":"http:\/\/www.zonaroja.com.mx\/?p=13304"},"modified":"2020-06-04T12:55:25","modified_gmt":"2020-06-04T17:55:25","slug":"estables-los-seis-enfermos-por-covid-en-reclusorio-de-ixcotel","status":"publish","type":"post","link":"https:\/\/zonaroja.com.mx\/?p=13304","title":{"rendered":"Estables, los seis enfermos por Covid en reclusorio de Ixcotel"},"content":{"rendered":"\n<p>Redacci\u00f3n\/Zona\nRoja.<\/p>\n\n\n\n<p>Oaxaca de\nJu\u00e1rez, Oax., 4 de junio de 2020.- Las seis personas con diagn\u00f3stico positivo\nal Covid-19 &#8211;entre ellas el ex secretario de Salud, Germ\u00e1n Tenorio Vasconcelos&#8211;\nen el reclusorio central de Santa Mar\u00eda Ixcotel, Oaxaca, se mantienen estables,\ninform\u00f3 la Secretar\u00eda de Seguridad P\u00fablica de Oaxaca (SSPO).<\/p>\n\n\n\n<p>Asimismo,\nconfirma el deceso de una persona privada de la libertad durante la madrugada\nde este jueves, hecho que fue notificado a la Fiscal\u00eda General del Estado de\nOaxaca (FGEO), para la realizaci\u00f3n de las diligencias correspondientes y\ndeterminaci\u00f3n de la causa de muerte.<\/p>\n\n\n\n<p>En un\ncomunicado, indic\u00f3 que se trata de un masculino de 64 a\u00f1os de edad, que\npresentaba patolog\u00edas propias de su edad. <\/p>\n\n\n\n<p>\u201cEs\nimportante mencionar que dicha persona no pertenec\u00eda al grupo de los seis casos\nde Covid-19, confirmados por los Servicios de Salud de Oaxaca (SSO) ni\npresentaba sintomatolog\u00eda alguna referente al citado virus\u201d, expuso.<\/p>\n\n\n\n<p>A\u00f1adi\u00f3\nque la familia del occiso fue notificada en tiempo y forma. Asimismo, recibe el\napoyo y orientaci\u00f3n institucionales por parte de las \u00e1reas encargadas de la\nSSPO.<\/p>\n\n\n\n<p>A\u00f1adi\u00f3\nque respecto a las personas positivas por Covid-19, \u201csiguen siendo monitoreadas\npermanentemente y recibiendo la atenci\u00f3n m\u00e9dica de acuerdo a los protocolos de\nsalud\u201d.<\/p>\n","protected":false},"excerpt":{"rendered":"<p>Redacci\u00f3n\/Zona Roja. Oaxaca de Ju\u00e1rez, Oax., 4 de junio de 2020.- Las seis personas con&hellip;<\/p>\n","protected":false},"author":2,"featured_media":13305,"comment_status":"closed","ping_status":"open","sticky":false,"template":"","format":"standard","meta":{"_lmt_disableupdate":"","_lmt_disable":"","_jetpack_memberships_contains_paid_content":false,"footnotes":""},"categories":[109,47],"tags":[1733],"class_list":["post-13304","post","type-post","status-publish","format-standard","has-post-thumbnail","hentry","category-minuto-a-minuto","category-zona-gris","tag-centro-de-reinsercion-social-santa-maria-ixcotel"],"jetpack_featured_media_url":"https:\/\/zonaroja.com.mx\/wp-content\/uploads\/2020\/06\/Penitenciar\u00eda-Ixcotel.png","jetpack_sharing_enabled":true,"_links":{"self":[{"href":"https:\/\/zonaroja.com.mx\/index.php?rest_route=\/wp\/v2\/posts\/13304","targetHints":{"allow":["GET"]}}],"collection":[{"href":"https:\/\/zonaroja.com.mx\/index.php?rest_route=\/wp\/v2\/posts"}],"about":[{"href":"https:\/\/zonaroja.com.mx\/index.php?rest_route=\/wp\/v2\/types\/post"}],"author":[{"embeddable":true,"href":"https:\/\/zonaroja.com.mx\/index.php?rest_route=\/wp\/v2\/users\/2"}],"replies":[{"embeddable":true,"href":"https:\/\/zonaroja.com.mx\/index.php?rest_route=%2Fwp%2Fv2%2Fcomments&post=13304"}],"version-history":[{"count":1,"href":"https:\/\/zonaroja.com.mx\/index.php?rest_route=\/wp\/v2\/posts\/13304\/revisions"}],"predecessor-version":[{"id":13306,"href":"https:\/\/zonaroja.com.mx\/index.php?rest_route=\/wp\/v2\/posts\/13304\/revisions\/13306"}],"wp:featuredmedia":[{"embeddable":true,"href":"https:\/\/zonaroja.com.mx\/index.php?rest_route=\/wp\/v2\/media\/13305"}],"wp:attachment":[{"href":"https:\/\/zonaroja.com.mx\/index.php?rest_route=%2Fwp%2Fv2%2Fmedia&parent=13304"}],"wp:term":[{"taxonomy":"category","embeddable":true,"href":"https:\/\/zonaroja.com.mx\/index.php?rest_route=%2Fwp%2Fv2%2Fcategories&post=13304"},{"taxonomy":"post_tag","embeddable":true,"href":"https:\/\/zonaroja.com.mx\/index.php?rest_route=%2Fwp%2Fv2%2Ftags&post=13304"}],"curies":[{"name":"wp","href":"https:\/\/api.w.org\/{rel}","templated":true}]}}