{"id":13307,"date":"2020-06-04T14:13:17","date_gmt":"2020-06-04T19:13:17","guid":{"rendered":"http:\/\/www.zonaroja.com.mx\/?p=13307"},"modified":"2020-06-04T14:13:21","modified_gmt":"2020-06-04T19:13:21","slug":"si-no-nos-mata-el-covid-nos-mata-el-hambre-mazunte","status":"publish","type":"post","link":"https:\/\/zonaroja.com.mx\/?p=13307","title":{"rendered":"\u201cSi no nos mata el Covid, nos mata el hambre\u201d: Mazunte"},"content":{"rendered":"\n<p>Evlin\nArag\u00f3n\/Zona Roja.<\/p>\n\n\n\n<p>Oaxaca de\nJu\u00e1rez, Oax., 4 de junio de 2020.- Bajo la consigna de \u201cSi no nos mata el\nCovid, nos mata el hambre\u201d y con un sem\u00e1foro en rojo, que implica el alto\nriesgo de contagio en Oaxaca, pobladores de la agencia de Mazunte.\nperteneciente al municipio de Santo Mar\u00eda Tonameca retiraron por la fuerza el\nfiltro que estaba instalado en la entrada de esa poblaci\u00f3n.<\/p>\n\n\n\n<p>Sin\ncubrebocas y mucho menos respetando la sana distancia como medida preventiva, los\nhabitantes de la localidad hicieron presencia en los accesos de la poblaci\u00f3n\npara retirar las mallas que hab\u00edan sido puestas desde hace semanas a fin de evitar\nel ingreso personas ajenas.<\/p>\n\n\n\n<p>Elementos\nde la polic\u00eda municipal tambi\u00e9n llegaron a la zona donde se registr\u00f3 un conato\nde violencia en el que los gritos de ambos bandos imped\u00edan establecer alg\u00fan\ntipo de di\u00e1logo y por la fuerza se retiraba el filtro habilitado d\u00edas antes,\nmientras algunas personas eran detenidas por alterar el orden.<\/p>\n\n\n\n<p>De acuerdo con pobladores del lugar, la medida implementada por la autoridad municipal que encabeza Hugo Castrej\u00f3n y que impide el acceso a turistas en la zona, s\u00f3lo ha tra\u00eddo una crisis econ\u00f3mica insostenible, ya que no va acompa\u00f1ada de apoyos monetario por parte de las autoridades, por lo que las familias que viven del turismo no cuentan con ning\u00fan tipo de ingresos en estos momentos.<\/p>\n\n\n\n<figure class=\"wp-block-embed-twitter wp-block-embed is-type-rich is-provider-twitter\"><div class=\"wp-block-embed__wrapper\">\n<div class=\"twitter-tweet\"><blockquote class=\"twitter-tweet\" data-lang=\"es\"><p lang=\"es\" dir=\"ltr\"><a href=\"https:\/\/twitter.com\/hashtag\/%C3%9AltimoMinuto?src=hash&amp;ref_src=twsrc%5Etfw\">#\u00daltimoMinuto<\/a> <br>A falta de apoyos y por las graves consecuencias econ\u00f3micas tras el confinamiento, pobladores de Mazunte decidieron retirar el filtro sanitario y permitir el paso a propios y visitantes;reprochan nula ayuda de la autoridad municipal de Santa Mar\u00eda Tonameca, Oaxaca. <a href=\"https:\/\/t.co\/pg6QR21tjn\">pic.twitter.com\/pg6QR21tjn<\/a><\/p>&mdash; Zona Roja Oaxaca (@MexRoja) <a href=\"https:\/\/twitter.com\/MexRoja\/status\/1268557018136117249?ref_src=twsrc%5Etfw\">4 de junio de 2020<\/a><\/blockquote><\/div>\n<\/div><\/figure>\n\n\n\n<p>Por lo\nanterior decidieron, con todo y los riegos que trae consigo, abrir los accesos\nal turismo, ello despu\u00e9s que sus vecinos de la playa de Zipolite anunciaran que\nreiniciar\u00edan sus actividades tur\u00edsticas.<\/p>\n\n\n\n<p>\u201cSi no\nnos mata el Covid, nos mata el hambre, la verdad ya es mucho en estos tiempos\nes m\u00e1s importante el tener que comer que el morir y m\u00e1s las autoridades\nmunicipales que no act\u00faan al respecto, es hora de apoyar al pueblo porque por\nel pueblo comen ya uno se siente hasta la punta del volc\u00e1n\u201d, cita uno de los\ncomentarios que acompa\u00f1a el video que subieron a las redes sociales y que da fe\nde los hechos.<\/p>\n\n\n\n<p>As\u00ed mismo,\nreclamaron que el llamado a \u201cquedarse en casa\u201d no est\u00e9 acompa\u00f1ado de apoyos\necon\u00f3micos, raz\u00f3n por lo que s\u00f3lo las personas con sueldos fijos pueden darse\nel \u201clujo\u201d de estar resguard\u00e1ndose al interior de sus viviendas, mientras que\nquienes viven al d\u00eda sufren por la falta de recurso y alimento.<\/p>\n\n\n\n<p>Otros\ncomentarios, lo menos, criticaron el actuar de la poblaci\u00f3n y les\nresponsabilizaron de contagios en los pr\u00f3ximos d\u00edas de forma particular en la\nregi\u00f3n de la Costa que de acuerdo con las autoridades en materia de Salud\nregistra 78 casos y ocho defunciones en lo que va de la contingencia sanitaria.<\/p>\n","protected":false},"excerpt":{"rendered":"<p>Evlin Arag\u00f3n\/Zona Roja. Oaxaca de Ju\u00e1rez, Oax., 4 de junio de 2020.- Bajo la consigna&hellip;<\/p>\n","protected":false},"author":2,"featured_media":13308,"comment_status":"closed","ping_status":"open","sticky":false,"template":"","format":"standard","meta":{"_lmt_disableupdate":"","_lmt_disable":"","_jetpack_memberships_contains_paid_content":false,"footnotes":""},"categories":[109,47],"tags":[825,645],"class_list":["post-13307","post","type-post","status-publish","format-standard","has-post-thumbnail","hentry","category-minuto-a-minuto","category-zona-gris","tag-mazunte","tag-santa-maria-tonameca"],"jetpack_featured_media_url":"https:\/\/zonaroja.com.mx\/wp-content\/uploads\/2020\/06\/Santa-Mar\u00eda-Tonameca-playas.jpg","jetpack_sharing_enabled":true,"_links":{"self":[{"href":"https:\/\/zonaroja.com.mx\/index.php?rest_route=\/wp\/v2\/posts\/13307","targetHints":{"allow":["GET"]}}],"collection":[{"href":"https:\/\/zonaroja.com.mx\/index.php?rest_route=\/wp\/v2\/posts"}],"about":[{"href":"https:\/\/zonaroja.com.mx\/index.php?rest_route=\/wp\/v2\/types\/post"}],"author":[{"embeddable":true,"href":"https:\/\/zonaroja.com.mx\/index.php?rest_route=\/wp\/v2\/users\/2"}],"replies":[{"embeddable":true,"href":"https:\/\/zonaroja.com.mx\/index.php?rest_route=%2Fwp%2Fv2%2Fcomments&post=13307"}],"version-history":[{"count":1,"href":"https:\/\/zonaroja.com.mx\/index.php?rest_route=\/wp\/v2\/posts\/13307\/revisions"}],"predecessor-version":[{"id":13309,"href":"https:\/\/zonaroja.com.mx\/index.php?rest_route=\/wp\/v2\/posts\/13307\/revisions\/13309"}],"wp:featuredmedia":[{"embeddable":true,"href":"https:\/\/zonaroja.com.mx\/index.php?rest_route=\/wp\/v2\/media\/13308"}],"wp:attachment":[{"href":"https:\/\/zonaroja.com.mx\/index.php?rest_route=%2Fwp%2Fv2%2Fmedia&parent=13307"}],"wp:term":[{"taxonomy":"category","embeddable":true,"href":"https:\/\/zonaroja.com.mx\/index.php?rest_route=%2Fwp%2Fv2%2Fcategories&post=13307"},{"taxonomy":"post_tag","embeddable":true,"href":"https:\/\/zonaroja.com.mx\/index.php?rest_route=%2Fwp%2Fv2%2Ftags&post=13307"}],"curies":[{"name":"wp","href":"https:\/\/api.w.org\/{rel}","templated":true}]}}