{"id":13310,"date":"2020-06-04T14:55:41","date_gmt":"2020-06-04T19:55:41","guid":{"rendered":"http:\/\/www.zonaroja.com.mx\/?p=13310"},"modified":"2020-06-04T14:55:44","modified_gmt":"2020-06-04T19:55:44","slug":"enfermeras-del-hospital-civil-denuncian-desorden-y-dispersion-de-pacientes-covid","status":"publish","type":"post","link":"https:\/\/zonaroja.com.mx\/?p=13310","title":{"rendered":"Enfermeras del Hospital Civil denuncian desorden y dispersi\u00f3n de pacientes Covid"},"content":{"rendered":"\n<p>Yuridiana\nSosa\/Zona Roja.<\/p>\n\n\n\n<p>Oaxaca de\nJu\u00e1rez, 4 de junio de 2020.- Enfermeras del Hospital Civil \u201cDr. Aurelio\nValdivieso\u201d de la capital de Oaxaca, denunciaron que por el cierre temporal del\n\u00e1rea Covid por obras de rehabilitaci\u00f3n, existen pacientes sospechosos y\nconfirmados que se atienden en distintas \u00e1reas, lo que implica un riesgo mayor\nde contagios.<\/p>\n\n\n\n<p>Las\ntrabajadoras del \u00e1rea de enfermer\u00eda, como representantes del personal afectado,\nexigieron la inmediata entrega de la obra para recibir y hospitalizar los casos\nde coronavirus, pues desde hace una semana los enfermos de Covid se internan en\nzonas no aptas dentro de la unidad.<\/p>\n\n\n\n<p>Explicaron que ante la suspensi\u00f3n temporal del \u00e1rea Covid, se acord\u00f3 s\u00f3lo atender desde el consultorio de Triage respiratorio y referir a los pacientes a otros nosocomios habilitados para esta enfermedad, pero no se cumple con esta situaci\u00f3n y se quedan hasta tres d\u00edas.<\/p>\n\n\n\n<figure class=\"wp-block-embed-twitter wp-block-embed is-type-rich is-provider-twitter\"><div class=\"wp-block-embed__wrapper\">\n<div class=\"twitter-tweet\"><blockquote class=\"twitter-tweet\" data-lang=\"es\"><p lang=\"es\" dir=\"ltr\"><a href=\"https:\/\/twitter.com\/hashtag\/OaxacaGris?src=hash&amp;ref_src=twsrc%5Etfw\">#OaxacaGris<\/a><br>En el pico m\u00e1s alto -hasta ahora- de enfermos y muertes por Covid-19 en <a href=\"https:\/\/twitter.com\/hashtag\/Oaxaca?src=hash&amp;ref_src=twsrc%5Etfw\">#Oaxaca<\/a>, los <a href=\"https:\/\/twitter.com\/SSO_GobOax?ref_src=twsrc%5Etfw\">@SSO_GobOax<\/a> realizan reparaciones en \u00e1reas del Hospital Civil \u201cDr. Aurelio Valdivieso\u201d, lo que complica atenciones, denuncian trabajadoras. <a href=\"https:\/\/t.co\/DB6eq6q85X\">pic.twitter.com\/DB6eq6q85X<\/a><\/p>&mdash; Zona Roja Oaxaca (@MexRoja) <a href=\"https:\/\/twitter.com\/MexRoja\/status\/1268615728023797760?ref_src=twsrc%5Etfw\">4 de junio de 2020<\/a><\/blockquote><\/div>\n<\/div><\/figure>\n\n\n\n<p>Una de\nlas enfermeras, que por represalias omitieron sus nombres, dijo que en algunas\nocasiones los pacientes llegan supuestamente por otras enfermedades, pero luego\nde dos o tres d\u00edas presentan complicaciones respiratorias y un cuadro cl\u00ednico\nde Covid, mientras que en ese tiempo ya se comparti\u00f3 espacio con otros\npacientes y personal m\u00e9dico.<\/p>\n\n\n\n<p>Existen\ndos pacientes hospitalizados en \u00e1rea de urgencias, uno en medicina interna, por\nmencionar algunos casos.<\/p>\n\n\n\n<p>Agregaron\nque la falta de condiciones de seguridad para el personal ha derivado en que\nalgunos compa\u00f1eros resultaran contagiados, entre ellos tres camilleros y tres\ndel \u00e1rea de transporte.<\/p>\n\n\n\n<p>Las\nenfermeras manifestaron el temor del personal a ser contagiados y exponer\ntambi\u00e9n a los pacientes de otras \u00e1reas, por lo que insistieron en la entrega\ninmediata de las obras de mejoras para el \u00e1rea, la cual ya estuvo en funciones.<\/p>\n","protected":false},"excerpt":{"rendered":"<p>Yuridiana Sosa\/Zona Roja. Oaxaca de Ju\u00e1rez, 4 de junio de 2020.- Enfermeras del Hospital Civil&hellip;<\/p>\n","protected":false},"author":2,"featured_media":13311,"comment_status":"closed","ping_status":"open","sticky":false,"template":"","format":"standard","meta":{"_lmt_disableupdate":"","_lmt_disable":"","_jetpack_memberships_contains_paid_content":false,"footnotes":""},"categories":[109,47],"tags":[1512,781],"class_list":["post-13310","post","type-post","status-publish","format-standard","has-post-thumbnail","hentry","category-minuto-a-minuto","category-zona-gris","tag-coronavirus-oaxaca","tag-hospital-civil-dr-aurelio-valdivieso-de-oaxaca"],"jetpack_featured_media_url":"https:\/\/zonaroja.com.mx\/wp-content\/uploads\/2020\/06\/Enfermeras-Hospital-Civil.jpg","jetpack_sharing_enabled":true,"_links":{"self":[{"href":"https:\/\/zonaroja.com.mx\/index.php?rest_route=\/wp\/v2\/posts\/13310","targetHints":{"allow":["GET"]}}],"collection":[{"href":"https:\/\/zonaroja.com.mx\/index.php?rest_route=\/wp\/v2\/posts"}],"about":[{"href":"https:\/\/zonaroja.com.mx\/index.php?rest_route=\/wp\/v2\/types\/post"}],"author":[{"embeddable":true,"href":"https:\/\/zonaroja.com.mx\/index.php?rest_route=\/wp\/v2\/users\/2"}],"replies":[{"embeddable":true,"href":"https:\/\/zonaroja.com.mx\/index.php?rest_route=%2Fwp%2Fv2%2Fcomments&post=13310"}],"version-history":[{"count":1,"href":"https:\/\/zonaroja.com.mx\/index.php?rest_route=\/wp\/v2\/posts\/13310\/revisions"}],"predecessor-version":[{"id":13312,"href":"https:\/\/zonaroja.com.mx\/index.php?rest_route=\/wp\/v2\/posts\/13310\/revisions\/13312"}],"wp:featuredmedia":[{"embeddable":true,"href":"https:\/\/zonaroja.com.mx\/index.php?rest_route=\/wp\/v2\/media\/13311"}],"wp:attachment":[{"href":"https:\/\/zonaroja.com.mx\/index.php?rest_route=%2Fwp%2Fv2%2Fmedia&parent=13310"}],"wp:term":[{"taxonomy":"category","embeddable":true,"href":"https:\/\/zonaroja.com.mx\/index.php?rest_route=%2Fwp%2Fv2%2Fcategories&post=13310"},{"taxonomy":"post_tag","embeddable":true,"href":"https:\/\/zonaroja.com.mx\/index.php?rest_route=%2Fwp%2Fv2%2Ftags&post=13310"}],"curies":[{"name":"wp","href":"https:\/\/api.w.org\/{rel}","templated":true}]}}