{"id":13313,"date":"2020-06-04T14:59:42","date_gmt":"2020-06-04T19:59:42","guid":{"rendered":"http:\/\/www.zonaroja.com.mx\/?p=13313"},"modified":"2020-06-04T14:59:45","modified_gmt":"2020-06-04T19:59:45","slug":"piden-feministas-y-activistas-de-oaxaca-juicio-politico-para-fiscal-vasconcelos","status":"publish","type":"post","link":"https:\/\/zonaroja.com.mx\/?p=13313","title":{"rendered":"Piden feministas y activistas de Oaxaca juicio pol\u00edtico para fiscal Vasconcelos"},"content":{"rendered":"\n<p>Evlin\nArag\u00f3n\/Zona Roja.<\/p>\n\n\n\n<p>Oaxaca de\nJu\u00e1rez, Oax., 4 de junio de 2020.- Ante la \u201comisi\u00f3n, simulaci\u00f3n, complicidad e\nimpunidad\u201d que se ha hecho evidente en el caso de Mar\u00eda del Sol Cruz Jarqu\u00edn,\njoven asesinada hace dos a\u00f1os en Juchit\u00e1n, feministas, defensoras de derechos\nhumanos, activistas, y organizaciones de la sociedad civil exigieron al\nCongreso local inicie juicio pol\u00edtico en contra del fiscal General de Oaxaca,\nRub\u00e9n Vasconcelos M\u00e9ndez.<\/p>\n\n\n\n<p>Mediante\nun comunicado de prensa, 97 organizaciones, colectivos y grupos, as\u00ed como\ndecenas de mujeres a t\u00edtulo personal, denunciaron y condenaron el actuar de la\nFiscal\u00eda General del Estado y en particular de su titular Rub\u00e9n Vasconcelos\nM\u00e9ndez, que no solo ha dilatado y obstruido el acceso a la justicia, sino que\naseguraron es c\u00f3mplice y encubre intereses de actores pol\u00edticos y econ\u00f3micos de\nalto nivel.<\/p>\n\n\n\n<p>\u201cExigimos\nal Congreso del Estado de Oaxaca inicie juicio pol\u00edtico y destituci\u00f3n del\nFiscal General de Justicia de Oaxaca Rub\u00e9n Vasconcelos M\u00e9ndez\u201d, refiere la\nprincipal exigencia dada a conocer en un comunicado.<\/p>\n\n\n\n<p>Y es que\nde acuerdo con las activistas, el deficiente actuar de la Fiscal\u00eda en Oaxaca ha\nimpedido que las denuncias, interpuestas por la familia de la joven, hayan\nprosperado hasta el momento, por lo que pidieron la intervenci\u00f3n de la Fiscal\u00eda\nGeneral de la Rep\u00fablica para que revise el origen de las armas de alto calibre\nutilizadas contra Mar\u00eda del Sol y otras v\u00edctimas del triple asesinato y a que\ntome cartas en este asunto de transcendencia nacional.<\/p>\n\n\n\n<p>\u201cUna\npersona est\u00e1 vinculada a proceso, pero sin posibilidades de lograr avances en\nel proceso debido a las inconsistencias de la Fiscal\u00eda; tampoco existe avance\nalguno en la investigaci\u00f3n de autores intelectuales\u201d, cita el documento.<\/p>\n\n\n\n<p>Recordaron\nque desde el momento del asesinato, de Mar\u00eda del Sol fueron evidenciados los\nintereses pol\u00edticos y econ\u00f3micos, as\u00ed como los m\u00faltiples delitos cometidos\nalrededor del caso, ya que la joven se encontraba comisionada ilegalmente y\ncontra su voluntad por su jefe, el entonces secretario de Asuntos Ind\u00edgenas,\nFrancisco Montero L\u00f3pez, para cubrir la campa\u00f1a de su hermano Hageo Montero\nL\u00f3pez como candidato a la presidencia municipal en Juchit\u00e1n.<\/p>\n\n\n\n<p>De igual\nforma demandaron garant\u00edas para la vida y seguridad de Soledad Jarqu\u00edn y su\nfamilia, haciendo un reconocimiento de la trayectoria de la periodista y la\nentereza que ha tenido para hacerle frente a un sistema de justicia que lejos\nde cumplir con su labor y obligaci\u00f3n ha difamado y revictimizado a la\ncomunicadora feminista, sin dejar de mencionar que esta se ha enfrentado\ntambi\u00e9n a constantes amenazas e intimidaciones.<\/p>\n\n\n\n<p>\u201cExigimos\ncastigo a los autores materiales e intelectuales, as\u00ed como a la red de c\u00f3mplices,\nmandando de esta manera un mensaje claro de combate a la impunidad y\ncorrupci\u00f3n\u201d, manifestaron.<\/p>\n\n\n\n<p>Finalmente,\nlamentaron que la entidad oaxaque\u00f1a se enfrente a un escenario grave debido al\naumento de violencia feminicida pues tan solo en el primer trieno del sexenio\nde Alejandro Murat aumentaron un 55% los feminicidios y un 700% las\ndesapariciones de mujeres. Asimismo, la regi\u00f3n del Istmo, en la que fue\nasesinada la joven hace dos a\u00f1os, se ha convertido es una de las m\u00e1s letales\npara las mujeres.<\/p>\n","protected":false},"excerpt":{"rendered":"<p>Evlin Arag\u00f3n\/Zona Roja. Oaxaca de Ju\u00e1rez, Oax., 4 de junio de 2020.- Ante la \u201comisi\u00f3n,&hellip;<\/p>\n","protected":false},"author":2,"featured_media":9000,"comment_status":"closed","ping_status":"open","sticky":false,"template":"","format":"standard","meta":{"_lmt_disableupdate":"","_lmt_disable":"","_jetpack_memberships_contains_paid_content":false,"footnotes":""},"categories":[109,47],"tags":[494,1059],"class_list":["post-13313","post","type-post","status-publish","format-standard","has-post-thumbnail","hentry","category-minuto-a-minuto","category-zona-gris","tag-fiscalia-general-del-estado-de-oaxaca","tag-maria-del-sol-cruz-jarquin"],"jetpack_featured_media_url":"https:\/\/zonaroja.com.mx\/wp-content\/uploads\/2020\/02\/Fiscal-Rub\u00e9n-Vasconcelos.png","jetpack_sharing_enabled":true,"_links":{"self":[{"href":"https:\/\/zonaroja.com.mx\/index.php?rest_route=\/wp\/v2\/posts\/13313","targetHints":{"allow":["GET"]}}],"collection":[{"href":"https:\/\/zonaroja.com.mx\/index.php?rest_route=\/wp\/v2\/posts"}],"about":[{"href":"https:\/\/zonaroja.com.mx\/index.php?rest_route=\/wp\/v2\/types\/post"}],"author":[{"embeddable":true,"href":"https:\/\/zonaroja.com.mx\/index.php?rest_route=\/wp\/v2\/users\/2"}],"replies":[{"embeddable":true,"href":"https:\/\/zonaroja.com.mx\/index.php?rest_route=%2Fwp%2Fv2%2Fcomments&post=13313"}],"version-history":[{"count":1,"href":"https:\/\/zonaroja.com.mx\/index.php?rest_route=\/wp\/v2\/posts\/13313\/revisions"}],"predecessor-version":[{"id":13314,"href":"https:\/\/zonaroja.com.mx\/index.php?rest_route=\/wp\/v2\/posts\/13313\/revisions\/13314"}],"wp:featuredmedia":[{"embeddable":true,"href":"https:\/\/zonaroja.com.mx\/index.php?rest_route=\/wp\/v2\/media\/9000"}],"wp:attachment":[{"href":"https:\/\/zonaroja.com.mx\/index.php?rest_route=%2Fwp%2Fv2%2Fmedia&parent=13313"}],"wp:term":[{"taxonomy":"category","embeddable":true,"href":"https:\/\/zonaroja.com.mx\/index.php?rest_route=%2Fwp%2Fv2%2Fcategories&post=13313"},{"taxonomy":"post_tag","embeddable":true,"href":"https:\/\/zonaroja.com.mx\/index.php?rest_route=%2Fwp%2Fv2%2Ftags&post=13313"}],"curies":[{"name":"wp","href":"https:\/\/api.w.org\/{rel}","templated":true}]}}