{"id":13318,"date":"2020-06-04T20:21:52","date_gmt":"2020-06-05T01:21:52","guid":{"rendered":"http:\/\/www.zonaroja.com.mx\/?p=13318"},"modified":"2020-06-04T20:21:56","modified_gmt":"2020-06-05T01:21:56","slug":"ante-covid-pide-gobernador-elegir-la-vida-o-la-pandemia-voluntariamente","status":"publish","type":"post","link":"https:\/\/zonaroja.com.mx\/?p=13318","title":{"rendered":"Ante Covid, pide gobernador elegir la vida o la pandemia\u2026 voluntariamente"},"content":{"rendered":"\n<p>Ismael\nGarc\u00eda M.\/Zona Roja.<\/p>\n\n\n\n<p>Oaxaca de\nJu\u00e1rez, Oax., 4 de junio de 2020.- En el pico m\u00e1s alto de contagios y muertes\npor Covid y con una convocatoria tard\u00eda y dirigida solamente a los habitantes\nde la regi\u00f3n Valles Centrales, el gobernador de Oaxaca, Alejandro Murat,\nconvoc\u00f3 a un aislamiento total de 10 d\u00edas, a partir de ma\u00f1ana\u2026 de forma\nvoluntaria.<\/p>\n\n\n\n<p>Y puso a\nlos oaxaque\u00f1os a elegir entre la vida o los estragos de la pandemia: <\/p>\n\n\n\n<p>\u201cA ti que\nme escuchas, te pido que elijas ver a tus hijos crecer y cumplir sus sue\u00f1os,\nque elijas una vez m\u00e1s abrazar a tus padres y abuelos, que elijas una vez m\u00e1s salir\na disfrutar de nuestras ocho regiones con su pareja o con sus amigos\u201d, sostuvo.<\/p>\n\n\n\n<p>Convocada\na las 17:00 horas para algunos medios de comunicaci\u00f3n, el mandatario ofreci\u00f3\nuna conferencia de prensa media hora despu\u00e9s, en el Palacio de Gobierno, con la\npresencia de la senadora Susana Harp Iturribarr\u00eda; ediles de Santa Luc\u00eda del\nCamino, Santa Cruz Xoxocotl\u00e1n y Oaxaca de Ju\u00e1rez, autoridades militares y el\nrector de la UABJO, Eduardo Bautista Mart\u00ednez.<\/p>\n\n\n\n<p>\u201cComo ustedes pueden ver, ha incrementado de manera importante el n\u00famero de contagios en los Valles Centrales\u2026 por lo tanto, quiero hacer una convocatoria voluntaria, de manera coordinada con toda la sociedad oaxaque\u00f1a, por supuesto en especial de los Valles Centrales, para un \u00fanico anuncio.<\/p>\n\n\n\n<figure class=\"wp-block-embed-twitter wp-block-embed is-type-rich is-provider-twitter\"><div class=\"wp-block-embed__wrapper\">\n<div class=\"twitter-tweet\"><blockquote class=\"twitter-tweet\" data-lang=\"es\"><p lang=\"es\" dir=\"ltr\"><a href=\"https:\/\/twitter.com\/hashtag\/%C3%9AltimoMinuto?src=hash&amp;ref_src=twsrc%5Etfw\">#\u00daltimoMinuto<\/a><br>Con media hora de retraso en el inicio de la conferencia, el gobernador <a href=\"https:\/\/twitter.com\/alejandromurat?ref_src=twsrc%5Etfw\">@alejandromurat<\/a> invit\u00f3 a la poblaci\u00f3n de los Valles Centrales de Oaxaca a un aislamiento total voluntario, del 5 al 15 de junio, a fin de evitar mayores contagios por el coronavirus. <a href=\"https:\/\/t.co\/CKM085rrAY\">pic.twitter.com\/CKM085rrAY<\/a><\/p>&mdash; Zona Roja Oaxaca (@MexRoja) <a href=\"https:\/\/twitter.com\/MexRoja\/status\/1268678095378284544?ref_src=twsrc%5Etfw\">4 de junio de 2020<\/a><\/blockquote><\/div>\n<\/div><\/figure>\n\n\n\n<p>\u201cAislamiento\ntotal a partir del d\u00eda de ma\u00f1ana viernes 5 de junio hasta el d\u00eda 15, para que\ntoda la poblaci\u00f3n de Valles Centrales, se quede en sus casas y que solamente\nsalga para emergencias, para actividades de salud o alimentarias.<\/p>\n\n\n\n<p>\u201cLo m\u00e1s\nimportante es que este anuncio lo escuche el oaxaque\u00f1o y la oaxaque\u00f1a; lo m\u00e1s\nimportante para que tengamos \u00e9xito, enfrentemos y cortemos de tajo el contagio\nde esta enfermedad de Covid-19, es la voluntad de las oaxaque\u00f1as y oaxaque\u00f1os\u201d,\ndijo.<\/p>\n\n\n\n<p>Sin\nembargo, el mandatario estatal no tom\u00f3 en cuenta la segunda regi\u00f3n m\u00e1s afectada\ndel estado de Oaxaca, como es la Cuenca, que hasta anoche ten\u00eda el registro de\n197 casos y 35 fallecimientos, de acuerdo con la Jurisdicci\u00f3n Sanitaria en la\nzona.<\/p>\n\n\n\n<p>Previo a\nello participaron con un mensaje el general Juan Arturo Cordero, de la VIII\nRegi\u00f3n Militar; la senadora Susana Harp y el titular de los Servicios de Salud,\nDonato Casas Escamilla; no hubo sesi\u00f3n de preguntas y respuestas.<\/p>\n","protected":false},"excerpt":{"rendered":"<p>Ismael Garc\u00eda M.\/Zona Roja. Oaxaca de Ju\u00e1rez, Oax., 4 de junio de 2020.- En el&hellip;<\/p>\n","protected":false},"author":2,"featured_media":13319,"comment_status":"closed","ping_status":"open","sticky":false,"template":"","format":"standard","meta":{"_lmt_disableupdate":"","_lmt_disable":"","_jetpack_memberships_contains_paid_content":false,"footnotes":""},"categories":[109,47],"tags":[173,1512],"class_list":["post-13318","post","type-post","status-publish","format-standard","has-post-thumbnail","hentry","category-minuto-a-minuto","category-zona-gris","tag-alejandro-murat-hinojosa","tag-coronavirus-oaxaca"],"jetpack_featured_media_url":"https:\/\/zonaroja.com.mx\/wp-content\/uploads\/2020\/06\/Gobernador-Alejandro-Murat.jpg","jetpack_sharing_enabled":true,"_links":{"self":[{"href":"https:\/\/zonaroja.com.mx\/index.php?rest_route=\/wp\/v2\/posts\/13318","targetHints":{"allow":["GET"]}}],"collection":[{"href":"https:\/\/zonaroja.com.mx\/index.php?rest_route=\/wp\/v2\/posts"}],"about":[{"href":"https:\/\/zonaroja.com.mx\/index.php?rest_route=\/wp\/v2\/types\/post"}],"author":[{"embeddable":true,"href":"https:\/\/zonaroja.com.mx\/index.php?rest_route=\/wp\/v2\/users\/2"}],"replies":[{"embeddable":true,"href":"https:\/\/zonaroja.com.mx\/index.php?rest_route=%2Fwp%2Fv2%2Fcomments&post=13318"}],"version-history":[{"count":1,"href":"https:\/\/zonaroja.com.mx\/index.php?rest_route=\/wp\/v2\/posts\/13318\/revisions"}],"predecessor-version":[{"id":13320,"href":"https:\/\/zonaroja.com.mx\/index.php?rest_route=\/wp\/v2\/posts\/13318\/revisions\/13320"}],"wp:featuredmedia":[{"embeddable":true,"href":"https:\/\/zonaroja.com.mx\/index.php?rest_route=\/wp\/v2\/media\/13319"}],"wp:attachment":[{"href":"https:\/\/zonaroja.com.mx\/index.php?rest_route=%2Fwp%2Fv2%2Fmedia&parent=13318"}],"wp:term":[{"taxonomy":"category","embeddable":true,"href":"https:\/\/zonaroja.com.mx\/index.php?rest_route=%2Fwp%2Fv2%2Fcategories&post=13318"},{"taxonomy":"post_tag","embeddable":true,"href":"https:\/\/zonaroja.com.mx\/index.php?rest_route=%2Fwp%2Fv2%2Ftags&post=13318"}],"curies":[{"name":"wp","href":"https:\/\/api.w.org\/{rel}","templated":true}]}}