{"id":13328,"date":"2020-06-04T22:07:48","date_gmt":"2020-06-05T03:07:48","guid":{"rendered":"http:\/\/www.zonaroja.com.mx\/?p=13328"},"modified":"2020-06-04T22:07:53","modified_gmt":"2020-06-05T03:07:53","slug":"otro-dia-negro-por-covid-en-oaxaca-siete-muertos-y-112-nuevos-casos","status":"publish","type":"post","link":"https:\/\/zonaroja.com.mx\/?p=13328","title":{"rendered":"Otro d\u00eda negro por Covid en Oaxaca: siete muertos y 112 nuevos casos"},"content":{"rendered":"\n<p>Redacci\u00f3n\/Zona\nRoja.<\/p>\n\n\n\n<p>Oaxaca de\nJu\u00e1rez, Oax. 4 de junio de 2020.- Con 112 casos positivos y siete decesos m\u00e1s\npor Covid-19 en las \u00faltimas 24 horas, Oaxaca tuvo otro d\u00eda de alta incidencia\nde v\u00edctimas.<\/p>\n\n\n\n<p>Con ello,\nla entidad acumula mil 883 pacientes confirmados y 208 muertes, confirm\u00f3 la\ndependencia Servicios de Salud de Oaxaca.<\/p>\n\n\n\n<p>En un comunicado, agreg\u00f3 que la cifra de personas contagiadas en los \u00faltimos 14 d\u00edas aument\u00f3 a 421 casos en 87 municipios; siendo las zonas metropolitanas m\u00e1s afectadas, del total de registros, 288 se ubican en Valles Centrales, 52 en Tuxtepec, 25 en la Mixteca, 23 en el Istmo de Tehuantepec, 21 en la Costa y 12 en la Sierra (Norte).<\/p>\n\n\n\n<figure class=\"wp-block-image\"><img decoding=\"async\" width=\"1024\" height=\"582\" src=\"http:\/\/www.zonaroja.com.mx\/wp-content\/uploads\/2020\/06\/Suman-421-casos-activos-la-transmisi\u00f3n-de-COVID-19-sigue-en-ascenso-1024x582.jpeg\" alt=\"\" class=\"wp-image-13330\" srcset=\"https:\/\/zonaroja.com.mx\/wp-content\/uploads\/2020\/06\/Suman-421-casos-activos-la-transmisi\u00f3n-de-COVID-19-sigue-en-ascenso-1024x582.jpeg 1024w, https:\/\/zonaroja.com.mx\/wp-content\/uploads\/2020\/06\/Suman-421-casos-activos-la-transmisi\u00f3n-de-COVID-19-sigue-en-ascenso-300x171.jpeg 300w, https:\/\/zonaroja.com.mx\/wp-content\/uploads\/2020\/06\/Suman-421-casos-activos-la-transmisi\u00f3n-de-COVID-19-sigue-en-ascenso-768x437.jpeg 768w, https:\/\/zonaroja.com.mx\/wp-content\/uploads\/2020\/06\/Suman-421-casos-activos-la-transmisi\u00f3n-de-COVID-19-sigue-en-ascenso-1170x665.jpeg 1170w, https:\/\/zonaroja.com.mx\/wp-content\/uploads\/2020\/06\/Suman-421-casos-activos-la-transmisi\u00f3n-de-COVID-19-sigue-en-ascenso-585x333.jpeg 585w, https:\/\/zonaroja.com.mx\/wp-content\/uploads\/2020\/06\/Suman-421-casos-activos-la-transmisi\u00f3n-de-COVID-19-sigue-en-ascenso.jpeg 1280w\" sizes=\"(max-width: 1024px) 100vw, 1024px\" \/><\/figure>\n\n\n\n<p>Asever\u00f3\nque a la fecha se identificaron siete nuevos municipios con la presencia de un\ncaso de Covid-19, los cuales son: San Jer\u00f3nimo Tec\u00f3atl, San Pedro Cajonos, San\nSebasti\u00e1n Tecomaxtlahuaca, Santa Mar\u00eda Huazolotitl\u00e1n, Santa Mar\u00eda Jalapa del\nMarqu\u00e9s, Santiago Camotl\u00e1n y Taniche.<\/p>\n\n\n\n<p>Los casos\npositivos se registran de la siguiente manera: mil 325 en la Jurisdicci\u00f3n\nSanitaria de Valles Centrales, 199 en Tuxtepec, 120 en el Istmo de Tehuantepec,\n106 en la Mixteca, 82 en la Costa y 51 en la Sierra (Norte).<\/p>\n\n\n\n<p>Mencion\u00f3\nque del global de confirmados, 153 corresponden al personal m\u00e9dico, 161 a\nprofesionales de enfermer\u00eda y 64 a trabajadores de otros perfiles.<\/p>\n\n\n\n<p>Finalmente,\nmencion\u00f3 que esta semana es clave para frenar la curva epidemiol\u00f3gica, para\nello es necesario la colaboraci\u00f3n de la sociedad, a fin de que no circulen por\nlos sitios catalogados como de alto riesgo de contagio.<\/p>\n","protected":false},"excerpt":{"rendered":"<p>Redacci\u00f3n\/Zona Roja. Oaxaca de Ju\u00e1rez, Oax. 4 de junio de 2020.- Con 112 casos positivos&hellip;<\/p>\n","protected":false},"author":2,"featured_media":13329,"comment_status":"closed","ping_status":"open","sticky":false,"template":"","format":"standard","meta":{"_lmt_disableupdate":"","_lmt_disable":"","_jetpack_memberships_contains_paid_content":false,"footnotes":""},"categories":[109,47],"tags":[1512],"class_list":["post-13328","post","type-post","status-publish","format-standard","has-post-thumbnail","hentry","category-minuto-a-minuto","category-zona-gris","tag-coronavirus-oaxaca"],"jetpack_featured_media_url":"https:\/\/zonaroja.com.mx\/wp-content\/uploads\/2020\/06\/Covid-4jun.jpg","jetpack_sharing_enabled":true,"_links":{"self":[{"href":"https:\/\/zonaroja.com.mx\/index.php?rest_route=\/wp\/v2\/posts\/13328","targetHints":{"allow":["GET"]}}],"collection":[{"href":"https:\/\/zonaroja.com.mx\/index.php?rest_route=\/wp\/v2\/posts"}],"about":[{"href":"https:\/\/zonaroja.com.mx\/index.php?rest_route=\/wp\/v2\/types\/post"}],"author":[{"embeddable":true,"href":"https:\/\/zonaroja.com.mx\/index.php?rest_route=\/wp\/v2\/users\/2"}],"replies":[{"embeddable":true,"href":"https:\/\/zonaroja.com.mx\/index.php?rest_route=%2Fwp%2Fv2%2Fcomments&post=13328"}],"version-history":[{"count":1,"href":"https:\/\/zonaroja.com.mx\/index.php?rest_route=\/wp\/v2\/posts\/13328\/revisions"}],"predecessor-version":[{"id":13331,"href":"https:\/\/zonaroja.com.mx\/index.php?rest_route=\/wp\/v2\/posts\/13328\/revisions\/13331"}],"wp:featuredmedia":[{"embeddable":true,"href":"https:\/\/zonaroja.com.mx\/index.php?rest_route=\/wp\/v2\/media\/13329"}],"wp:attachment":[{"href":"https:\/\/zonaroja.com.mx\/index.php?rest_route=%2Fwp%2Fv2%2Fmedia&parent=13328"}],"wp:term":[{"taxonomy":"category","embeddable":true,"href":"https:\/\/zonaroja.com.mx\/index.php?rest_route=%2Fwp%2Fv2%2Fcategories&post=13328"},{"taxonomy":"post_tag","embeddable":true,"href":"https:\/\/zonaroja.com.mx\/index.php?rest_route=%2Fwp%2Fv2%2Ftags&post=13328"}],"curies":[{"name":"wp","href":"https:\/\/api.w.org\/{rel}","templated":true}]}}