{"id":13334,"date":"2020-06-05T07:55:36","date_gmt":"2020-06-05T12:55:36","guid":{"rendered":"http:\/\/www.zonaroja.com.mx\/?p=13334"},"modified":"2020-06-05T07:55:42","modified_gmt":"2020-06-05T12:55:42","slug":"da-por-concluido-el-ieepo-el-ciclo-escolar-2019-2020-este-viernes","status":"publish","type":"post","link":"https:\/\/zonaroja.com.mx\/?p=13334","title":{"rendered":"Da por concluido el IEEPO el ciclo escolar 2019-2020 este viernes"},"content":{"rendered":"\n<p>Redacci\u00f3n\/Zona\nRoja.<\/p>\n\n\n\n<p>Oaxaca de\nJu\u00e1rez, Oax., 5 de junio de 2020.- Por disposici\u00f3n federal, este viernes 5 de\njunio concluye el ciclo lectivo 2019-2020 en el sistema educativo estatal, con\nel programa de aprendizaje a distancia y teniendo como base los libros de texto\ngratuitos, conforme a los ajustes realizados por la Secretar\u00eda de Educaci\u00f3n\nP\u00fablica (SEP) al calendario escolar aplicable a todo el pa\u00eds, inform\u00f3 el\nInstituto Estatal de Educaci\u00f3n P\u00fablica de Oaxaca (IEEPO).<\/p>\n\n\n\n<p>En un\ncomunicado, la autoridad educativa en el estado expres\u00f3 su reconocimiento a\nescolares por cumplir satisfactoriamente con las actividades educativas, as\u00ed\ncomo a docentes, madres y padres de familia por el apoyo en la formaci\u00f3n de sus\nhijos e hijas en el periodo de aislamiento voluntario; en el cual las familias\nhan revalorado el insustituible papel que las maestras y maestros desempe\u00f1an. <\/p>\n\n\n\n<p>En\nOaxaca, aproximadamente 900 mil estudiantes de educaci\u00f3n b\u00e1sica de la entidad y\nm\u00e1s de 82 mil trabajadores, entre directivos, docentes y personal de apoyo a la\neducaci\u00f3n de las ocho regiones del estado, cerrar\u00e1n sus actividades\nescolares.&nbsp; <\/p>\n\n\n\n<p>Las dos\nsemanas siguientes, docentes y directivos las destinar\u00e1n a la valoraci\u00f3n\nacad\u00e9mica y de calificaciones para concluir oficialmente el ciclo escolar\n2019-2020, el pr\u00f3ximo viernes 19 de junio.<\/p>\n\n\n\n<p>Indic\u00f3\nque a partir del 8 de junio y hasta el 7 de agosto, se transmitir\u00e1n por\ntelevisi\u00f3n e internet los contenidos del programa Verano Divertido, con\nactividades l\u00fadicas, recreativas y de esparcimiento dirigidas a las y los\nestudiantes de Educaci\u00f3n B\u00e1sica; del 22 de junio al viernes 17 de julio, ser\u00e1\nel receso escolar para dar paso a la capacitaci\u00f3n docente y a los Consejos\nT\u00e9cnicos Escolares, los cuales se desarrollar\u00e1n entre el 20 y el 31 de julio.<\/p>\n\n\n\n<p>El\nproceso de sanitizaci\u00f3n de planteles escolares e inscripciones est\u00e1 programado\na efectuarse del 3 al 7 de agosto, mientras que la fecha referencial de inicio\ndel curso remedial es el 10 de agosto -en el marco del ciclo escolar\n2020-2021-, siempre y cuando el sem\u00e1foro sanitario est\u00e9 en verde, al ser la\nprincipal prioridad la protecci\u00f3n de la vida y la salud de quienes participan\nen el proceso educativo.<\/p>\n\n\n\n<p>El\ndirector general del IEEPO, Francisco \u00c1ngel Villarreal, puntualiz\u00f3 que el\nregreso a clases se har\u00e1 respetando los protocolos sanitarios correspondientes\npara salvaguardar en todo momento la salud de la comunidad escolar de la\nentidad y tomando en cuenta las opiniones de todos los actores educativos en\nlas regiones y municipios.<\/p>\n\n\n\n<p>Durante\nlas \u00faltimas semanas, la comunidad escolar pudo acceder a actividades a\ndistancia con los contenidos y lecciones del ciclo escolar 2019-2020, teniendo\ncomo base los libros de texto gratuitos y como elementos de apoyo los programas\nde televisi\u00f3n, radio e internet, con el programa \u201cAprende en Casa\u201d que se\ntransmite a trav\u00e9s de los canales 9.1 y 9.2 de la Corporaci\u00f3n Oaxaque\u00f1a de\nRadio y Televisi\u00f3n (Cortv) y la serie radiof\u00f3nica \u201cAprendiendo desde mi\ncomunidad\u201d, explic\u00f3.<\/p>\n\n\n\n<p>Tambi\u00e9n\nresalt\u00f3 que antes de la contingencia sanitaria, durante el ciclo escolar\n2019-2020, se fortalecieron las acciones educativas con diversas acciones\nestrat\u00e9gicas como el programa de Escuelas de Tiempo Completo y entregas de\nmobiliario, equipo y material escolar, con el fin de elevar la calidad\neducativa de los educandos.<\/p>\n","protected":false},"excerpt":{"rendered":"<p>Redacci\u00f3n\/Zona Roja. Oaxaca de Ju\u00e1rez, Oax., 5 de junio de 2020.- Por disposici\u00f3n federal, este&hellip;<\/p>\n","protected":false},"author":2,"featured_media":13335,"comment_status":"closed","ping_status":"open","sticky":false,"template":"","format":"standard","meta":{"_lmt_disableupdate":"","_lmt_disable":"","_jetpack_memberships_contains_paid_content":false,"footnotes":""},"categories":[109,46],"tags":[599],"class_list":["post-13334","post","type-post","status-publish","format-standard","has-post-thumbnail","hentry","category-minuto-a-minuto","category-zona-blanca","tag-instituto-estatal-de-educacion-publica-de-oaxaca"],"jetpack_featured_media_url":"https:\/\/zonaroja.com.mx\/wp-content\/uploads\/2020\/06\/Clases-virtuales.jpg","jetpack_sharing_enabled":true,"_links":{"self":[{"href":"https:\/\/zonaroja.com.mx\/index.php?rest_route=\/wp\/v2\/posts\/13334","targetHints":{"allow":["GET"]}}],"collection":[{"href":"https:\/\/zonaroja.com.mx\/index.php?rest_route=\/wp\/v2\/posts"}],"about":[{"href":"https:\/\/zonaroja.com.mx\/index.php?rest_route=\/wp\/v2\/types\/post"}],"author":[{"embeddable":true,"href":"https:\/\/zonaroja.com.mx\/index.php?rest_route=\/wp\/v2\/users\/2"}],"replies":[{"embeddable":true,"href":"https:\/\/zonaroja.com.mx\/index.php?rest_route=%2Fwp%2Fv2%2Fcomments&post=13334"}],"version-history":[{"count":1,"href":"https:\/\/zonaroja.com.mx\/index.php?rest_route=\/wp\/v2\/posts\/13334\/revisions"}],"predecessor-version":[{"id":13336,"href":"https:\/\/zonaroja.com.mx\/index.php?rest_route=\/wp\/v2\/posts\/13334\/revisions\/13336"}],"wp:featuredmedia":[{"embeddable":true,"href":"https:\/\/zonaroja.com.mx\/index.php?rest_route=\/wp\/v2\/media\/13335"}],"wp:attachment":[{"href":"https:\/\/zonaroja.com.mx\/index.php?rest_route=%2Fwp%2Fv2%2Fmedia&parent=13334"}],"wp:term":[{"taxonomy":"category","embeddable":true,"href":"https:\/\/zonaroja.com.mx\/index.php?rest_route=%2Fwp%2Fv2%2Fcategories&post=13334"},{"taxonomy":"post_tag","embeddable":true,"href":"https:\/\/zonaroja.com.mx\/index.php?rest_route=%2Fwp%2Fv2%2Ftags&post=13334"}],"curies":[{"name":"wp","href":"https:\/\/api.w.org\/{rel}","templated":true}]}}